{"id":721,"date":"2019-01-03T21:18:32","date_gmt":"2019-01-03T20:18:32","guid":{"rendered":"http:\/\/www.leclanspinoza.com\/social\/?p=721"},"modified":"2019-01-03T21:22:37","modified_gmt":"2019-01-03T20:22:37","slug":"principes-decriture-1-quest-vitalisation-dune-archive","status":"publish","type":"post","link":"https:\/\/leclanspinoza.fr\/social\/principes-decriture-1-quest-vitalisation-dune-archive\/","title":{"rendered":"Principes d&rsquo;\u00e9criture 1. Qu&rsquo;est-ce que la vitalisation d&rsquo;une archive ?"},"content":{"rendered":"<p>&nbsp;<\/p>\n<p><strong>Qu\u2019est-ce que la \u201cvitalisation\u201d d\u2019une archive ? <\/strong><\/p>\n<p><strong>Exemple d\u2019une technique narrative employ\u00e9e dans <em>Le Clan Spinoza<\/em>.<\/strong><br \/>\nLE CLAN SPINOZA\u00b7VENDREDI 21 SEPTEMBRE 201850 lectures<\/p>\n<p>Le Clan Spinoza n\u2019est pas un travail de fiction, ni une variation imaginaire sur un personnage-philosophe. Je parle plut\u00f4t de \u2018vitalisation\u2019 : en injectant de la vie dans les t\u00e9moignages tels qu\u2019ils nous parviennent, je n\u2019ai rien voulu faire d\u2019autre que reconstituer la sc\u00e8ne. Mais en m\u00eame temps, il ne s\u2019agit qu\u2019en partie d\u2019une \u2018reconstitution\u2019 proprement dite, car du fait d\u2019une longue exp\u00e9rience de traducteur, j\u2019ai d\u00e9lib\u00e9r\u00e9ment refus\u00e9 de mimer le langage de l\u2019\u00e9poque. Voil\u00e0 pourquoi je parle de vitalisation : les sc\u00e8nes ne sont pas des fictions, elles jouissent d\u2019une vie o\u00f9 rien n\u2019est ajout\u00e9 aux archives que ce qu\u2019il faut pour y faire entrer ceux qui parlent ma langue. C\u2019est une technique d\u2019enqu\u00eate documentaire qu\u2019a employ\u00e9e Daniel Defoe dans Journal de l\u2019ann\u00e9e de la peste (en anglais, 1722), en utilisant les archives de la peste de 1665.<\/p>\n<p>Pour donner un exemple de vitalisation, voici un extrait de l\u2019article \u00ab Spinoza et les h\u00e9r\u00e9tiques de la communaut\u00e9 jud\u00e9o-portugaise d&rsquo;Amsterdam \u00bb, publi\u00e9 par I.-S. R\u00e9vah dans la Revue de l&rsquo;histoire des religions, tome 154, n\u00b02, 1958, p. 173-218. (Il est disponible en ligne \u00e0 l\u2019adresse<br \/>\n<a href=\"http:\/\/www.persee.fr\/doc\/rhr_0035-1423_1958_num_154_2_8855\">http:\/\/www.persee.fr\/doc\/rhr_0035-1423_1958_num_154_2_8855<\/a>).<\/p>\n<p>On pourra comparer cet extrait au chapitre intitul\u00e9 \u00ab Un soir entre amis \u00bb, dans Le Clan Spinoza, p. 217 \u2013 222.<\/p>\n<p><strong>L&rsquo;archive originale.<\/strong><\/p>\n<p>R\u00e9vah \u00e9crit :<br \/>\n\u00ab Apr\u00e8s les excommunications de 1656 et 1657, on perdait la trace \u00e0 Amsterdam de Spinoza et Prado. Des recherches effectu\u00e9es en 1955 dans les Archives de l&rsquo;Inquisition espagnole nous ont permis de d\u00e9couvrir, tout \u00e0 fait par hasard, deux documents qui nous restituent la trace cherch\u00e9e.<br \/>\nLe 8 ao\u00fbt 1659, Fr. Tom\u00e1\u0161 Solano y Robles; religieux augustin originaire de l&rsquo;actuelle Colombie, se pr\u00e9sente devant l&rsquo;Inquisiteur de service \u00e0 Madrid. Parti du Nouveau Royaume<br \/>\nde Grenade pour Rome- sur le navire Santiago, il fut fait prisonnier par les Anglais, pr\u00e8s des Canaries, et emmen\u00e9 \u00e0 Londres. De Londres, il gagna Amsterdam o\u00f9, attendant un navire qui f\u00eet route vers l&rsquo;Espagne, il s\u00e9journa du 18 ao\u00fbt 1658 au 21 mars 1659. Il vient signaler \u00e0 l&rsquo;Inquisition une affaire qui a vivement \u00e9mu les Espagnols qui r\u00e9sidaient \u00e0 Amsterdam. Un com\u00e9dien s\u00e9villan, qui n&rsquo;\u00e9tait pas d&rsquo;origine juive, Lorenzo Escudero, s&rsquo;est converti au Juda\u00efsme \u00e0 Amsterdam, s&rsquo;est fait circoncire et a pris le nom d&rsquo;Abraham Israel, et cela malgr\u00e9 les objurgations de Fr. Tom\u00e1s Solano y Robles et de nombreux catholiques espagnols.<br \/>\nC&rsquo;est le cas de Lorenzo Escudero qui constituait l&rsquo;objet pr\u00e9cis de la d\u00e9nonciation du religieux sud-am\u00e9ricain. Mais, naturellement, l&rsquo;Inquisiteur ne manqua pas de l&rsquo;interroger sur les autres personnes originaires de la P\u00e9ninsule Ib\u00e9rique qui vivaient comme Juifs \u00e0 Amsterdam. Or, au cours de sa d\u00e9position, Fr. Tom\u00e1s Solano relate les faits suivants :<br \/>\n\u00ab II a \u00e9galement connu le Dr Prado, m\u00e9decin, pr\u00e9nomm\u00e9 Juan, dont il ignore le nom juif, qui avait \u00e9tudi\u00e9 \u00e0 Alcal\u00e1, et un certain de Espinosa, dont il pense qu&rsquo;il \u00e9tait natif d&rsquo;une des villes de Hollande, car il avait \u00e9tudi\u00e9 \u00e0 Leyde et \u00e9tait bon philosophe. Ces deux personnes avaient profess\u00e9 la Loi de Mo\u00efse, et la Synagogue les avait expuls\u00e9s et \u00e9cart\u00e9s d&rsquo;elle parce qu&rsquo;ils avaient abouti \u00e0 l&rsquo;ath\u00e9isme. Et ils dirent eux-m\u00eames au t\u00e9moin qu&rsquo;ils \u00e9taient circoncis et qu&rsquo;ils avaient<br \/>\nobserv\u00e9 la loi des Juifs, et qu&rsquo;eux-m\u00eames avaient chang\u00e9 d&rsquo;opinion parce qu&rsquo;il leur semblait que la dite Loi n&rsquo;\u00e9tait pas vraie et que les \u00e2mes mouraient avec les corps et qu&rsquo;il n&rsquo;y avait de Dieu que philosophiquement. Et c&rsquo;est pourquoi on les avait expuls\u00e9s de la Synagogue, et, bien qu&rsquo;ils regrettaient l&rsquo;absence des aum\u00f4nes qu&rsquo;on leur donnait \u00e0 la Synagogue et la communication avec les autres Juifs, ils \u00e9taient contents d&rsquo;avoir l&rsquo;erreur de l&rsquo;ath\u00e9isme, parce qu&rsquo;ils pensaient qu&rsquo;il n&rsquo;y avait de Dieu que philosophiquement (comme le t\u00e9moin l&rsquo;a d\u00e9clar\u00e9) et que les \u00e2mes mouraient avec les corps et qu&rsquo;ainsi ils n&rsquo;avaient pas besoin de foi. \u00bb<br \/>\nInvit\u00e9 \u00e0 fournir le signalement des diff\u00e9rentes personnes qu&rsquo;il avait d\u00e9nonc\u00e9es, Fr. Tom\u00e1\u0161 Solano d\u00e9clare, entre autres choses :<br \/>\n\u00ab Le Dr Juan de Prado est grand, mince, il a un gros nez, le teint brun, une chevelure noire, des yeux noirs. Il est \u00e2g\u00e9 de trente ans. C&rsquo;est un m\u00e9decin qui a \u00e9tudi\u00e9 \u00e0 Alcal\u00e1 de Henares, le t\u00e9moin ne sait pas quand et dans quel but il s&rsquo;en est all\u00e9 \u00e0 Amsterdam. Il est descendant de Juifs.<br \/>\nSpinoza est un homme petit, avec un beau visage, le teint clair, chevelure noire, yeux noirs. Il est \u00e2g\u00e9 de vingt-quatre ans ; il n&rsquo;avait pas de m\u00e9tier et il \u00e9tait Juif de naissance. \u00bb<br \/>\nLe 9 ao\u00fbt 1659, c&rsquo;est-\u00e0-dire le lendemain de la d\u00e9position de Fr. Tom\u00e1\u0161, le capitaine . Miguel P\u00e9rez de Maltranilla se pr\u00e9sente \u00e0 son tour devant l&rsquo;Inquisiteur madril\u00e8ne. Il a s\u00e9journ\u00e9 \u00e0 Amsterdam du mois de novembre 1658 au 14 janvier 1659 : il habitait d&rsquo;ailleurs dans la m\u00eame maison que Fr. Tom\u00e1s Solano. Lui aussi d\u00e9nonce le scandale provoqu\u00e9 par la conversion au Juda\u00efsme de Lorenzo Escudero, mais les renseignements qu&rsquo;il fournit sur Spinoza et Juan de Prado ne font pas enti\u00e8rement double emploi avec la d\u00e9position du religieux augustin. Voici ce qu&rsquo;il d\u00e9clare :<br \/>\n\u00ab Le t\u00e9moin dit qu&rsquo;\u00e0 Amsterdam, \u00e0 la m\u00eame \u00e9poque, jusqu&rsquo;au 14 janvier de la pr\u00e9sente ann\u00e9e, date \u00e0 laquelle il a quitt\u00e9 ladite ville, il a connu. le Dr Reynoso, m\u00e9decin, natif de Seville, et un certain de Spinoza dont il ignore d&rsquo;o\u00f9 il \u00e9tait, et le Dr de Prado, \u00e9galement m\u00e9decin, et un certain Pacheco, dont il a entendu dire qu&rsquo;il \u00e9tait de Seville et qu&rsquo;il y avait \u00e9t\u00e9 confiseur : il s&rsquo;occupait de chocolat et de tabac. Et [ces personnes] fr\u00e9quentaient la maison de D. Joseph Guerra, un chevalier des Canaries qui vivait \u00e0 Amsterdam pour soigner sa l\u00e8pre et que le t\u00e9moin fr\u00e9quentait \u00e9galement, parce qu&rsquo;il \u00e9tait son ami et son correspondant. Et dans les occasions o\u00f9 il les vit l\u00e0 pendant l&rsquo;espace de deux mois, et elles durent \u00eatre nombreuses, car ils fr\u00e9quentaient tr\u00e8s ordinairement ladite maison, pour soigner le dit D. Joseph Guerra et pour passer le temps, respectivement il a entendu dire audit Dr Reynoso et audit Pacheco qu&rsquo;ils \u00e9taient Juifs et qu&rsquo;ils en professaient la Loi, et bien que parfois on voul\u00fbt leur donner du lard ils n&rsquo;en voulaient pas ; audit Dr Prado et \u00e0 Spinoza il a entendu dire souvent qu&rsquo;ils avaient \u00e9t\u00e9 Juifs et en avaient profess\u00e9 la Loi, et qu&rsquo;il s&rsquo;en \u00e9taient \u00e9cart\u00e9s parce qu&rsquo;elle n&rsquo;\u00e9tait pas bonne et qu&rsquo;elle \u00e9tait fausse et c&rsquo;est pourquoi on les avait excommuni\u00e9s, et qu&rsquo;ils recherchaient quelle \u00e9tait la meilleure loi pour la professer, et \u00e0 ce t\u00e9moin il a sembl\u00e9 qu&rsquo;ils n&rsquo;en professaient aucune&#8230; \u00bb<br \/>\nLe capitaine Miguel P\u00e9rez de Maltranilla fournit, lui aussi, le signalement et quelques renseignements compl\u00e9mentaires sur nos deux h\u00e9t\u00e9rodoxes :<br \/>\n\u00ab Le Dr Prado est grand, il a le visage mince, la chevelure et la barbe noires; il est \u00e2g\u00e9 de cinquante ans et le t\u00e9moin pense qu&rsquo;il est de Cordoue et qu&rsquo;il y a v\u00e9cu, car il a entendu le fils de Prado dire que s&rsquo;il pouvait revenir \u00e0 Cordoue, il y serait encore bien re\u00e7u&#8230; Spinoza est un jeune homme au corps bien fait, mince, il a une longue chevelure noire, une petite moustache de la m\u00eame couleur, un beau visage ; il est \u00e2g\u00e9 de trente-trois ans. Quant \u00e0 ce qui lui a \u00e9t\u00e9 demand\u00e9, le t\u00e9moin sait seulement qu&rsquo;il a entendu Spinoza lui dire qu&rsquo;il n&rsquo;avait jamais vu l&rsquo;Espagne et qu&rsquo;il avait envie de la voir. \u00bb<br \/>\nOn exag\u00e9rerait en affirmant que les d\u00e9clarations de Fr. Tom\u00e1s Solano et du capitaine Maltranilla satisfont enti\u00e8rement notre curiosit\u00e9, mais elles nous apportent des \u00e9l\u00e9ments extr\u00eamement int\u00e9ressants. \u00bb<\/p>\n<p><strong>La vitalisation.<\/strong><br \/>\nLorsqu\u2019on parle de ma \u00ab libert\u00e9 de romancier \u00bb et qu\u2019on observe la mani\u00e8re dont cette archive est trait\u00e9, on voit bien que ma marge de man\u0153uvre est nulle du point de vue des faits. Les informations que j\u2019ai ajout\u00e9es (par exemple le fait qu\u2019ils habitaient dans la m\u00eame pension pour catholiques et que cette pension abritait une \u00e9glise) je le tiens d\u2019autres sources que je n\u2019ai pas sous la main. Autrement dit, mon effort n\u2019a pas \u00e9t\u00e9 de donner vie \u00e0 la sc\u00e8ne (comme un romancier le ferait, pour le plaisir de rendre la sc\u00e8ne agr\u00e9able et vivante) ; mon but a \u00e9t\u00e9 de faire appara\u00eetre dans la sc\u00e8ne ce qui m\u2019importe \u00e0 moi en tant qu\u2019historien de la philosophie : \u00e0 savoir que les t\u00e9moignages de ces deux hommes, cit\u00e9s avec un grand s\u00e9rieux par mes coll\u00e8gues universitaires, rapportent des propos tenus entre amis. Ce que je mets en sc\u00e8ne n\u2019est pas la vie en g\u00e9n\u00e9ral, mais plusieurs points pr\u00e9cis :<br \/>\n&#8211; l\u2019assembl\u00e9e est constitu\u00e9e de toutes les religions, y compris des juifs sans histoires, des bannis du juda\u00efsme, et m\u00eame des catholiques espagnols : trois groupes que l\u2019histoire \u00ab classique \u00bb pr\u00e9sente comme incompatibles, alors que les sources nous montrent le contraire !<br \/>\n&#8211; cette source ne permet pas d\u2019\u00e9laborer exag\u00e9r\u00e9ment des th\u00e9ories sur la pens\u00e9e de Spinoza, puisqu\u2019on manque de s\u00e9rieux quand on prend au s\u00e9rieux une situation de parole aussi triviale.<br \/>\n&#8211; le moine est moins intelligent et plus enclin \u00e0 appliquer des cat\u00e9gories pr\u00e9d\u00e9finies que le militaire, et ni l\u2019un ni l\u2019autre ne font aucune citation que l\u2019on puisse exclusivement rapporter \u00e0 Spinoza.<\/p>\n<p>Voici le chapitre du Clan Spinoza : \u00ab\u00a0Un soir entre amis.\u00a0\u00bb<\/p>\n<p>\u2013 Etonnant, vraiment ! s\u2019\u00e9merveille un militaire espagnol qui marche \u00e0 reculons dans une rue d\u2019Amsterdam. Reculez, fr\u00e8re Tom\u00e1s, insiste-t-il, reculez et dites-moi si vous devinez une chapelle catholique l\u00e0-dedans ? Ah, ah ! Tenez, derri\u00e8re cette fen\u00eatre c\u2019est notre chambre. H\u00e9, mais ! Juste au-dessus de l\u2019autel ? N\u2019y aurait-il pas l\u00e0 une inconvenance ? On soumettra le cas \u00e0 l\u2019Irlandais qui nous a fait la messe\u2026<br \/>\nLe moine qu\u2019il tire par la manche se force \u00e0 sourire. Fr\u00e8re Tom\u00e1s regrette d\u2019avoir accept\u00e9 l\u2019invitation de son voisin de chambr\u00e9e. Que lui importe de go\u00fbter, comme il dit, le salon de ce chevalier des Canaries, dont le capitaine a \u00e9t\u00e9 le correspondant aux Antilles ? Mais le militaire ne lui l\u00e2che pas le bras, et fr\u00e8re Tom\u00e1s, bon an mal an, se laisse entra\u00eener le long du canal.<br \/>\nDon Joseph Guerra y Ayala, riche gentilhomme install\u00e9 \u00e0 Amsterdam pour y soigner sa l\u00e8pre, les accueille chez lui par deux verres de Porto. Au salon, il leur pr\u00e9sente tour \u00e0 tour le docteur Miguel Reynoso, le confiseur Samuel Pacheco, l\u2019ancien marchand Bento de Spinoza, ainsi que le docteur Juan de Prado accompagn\u00e9 de son fils David.<br \/>\n\u2013 Voici le brave dont je vous parlais, virevolte don Guerra, le capitaine Miguel P\u00e9rez de Maltranilla. Capitaine, voudrez-vous dire \u00e0 ces messieurs l\u2019histoire de votre duel \u00e0 Bruges ?<br \/>\n\u2013 Permettez, esquive le militaire, que je vous pr\u00e9sente d\u2019abord l\u2019un de mes compagnons d\u2019infortune, le fr\u00e8re Tom\u00e1s Solano y Robles. Les Anglais ont retenu ce saint homme prisonnier \u00e0 Londres pendant deux mois, apr\u00e8s avoir eu l\u2019impudence de capturer le navire o\u00f9 il se trouvait.<br \/>\nL\u2019allusion \u00e0 la piraterie anglaise gagne l\u2019assembl\u00e9e \u00e0 la faveur du moine.<br \/>\n\u2013 Soyez le bienvenu parmi nous, lance poliment David Prado.<br \/>\n\u2013 Votre visage m\u2019est familier, sirote Pacheco en observant attentivement Tom\u00e1s. Est-ce que j\u2019ai pu vous voir quelque part ?<br \/>\n\u2013 Ce n\u2019est point impossible, rougit le fr\u00e8re\u2026 Je\u2026 Je me rends r\u00e9guli\u00e8rement \u00e0 la synagogue.<br \/>\n\u2013 Ah c\u2019est donc \u00e7a, c\u2019est vous ! C\u2019est vous qui vouliez emp\u00eacher Lorenzo Escudero de devenir juif, n\u2019est-ce pas ? Diable, mais vous \u00eates presque aussi c\u00e9l\u00e8bre que lui, maintenant ! Savez-vous la fin de l\u2019histoire ?<br \/>\n\u2013 Oui, monsieur.<br \/>\n\u2013 Nos rabbins, raconte Pacheco \u00e0 la cantonnade, n\u2019ont pas voulu circoncire Escudero parce qu\u2019ils n\u2019ont pas trouv\u00e9 de marrane dans sa famille. C\u2019est pas hilarant ? Des Juifs qui rejouent la \u2018puret\u00e9 de sang\u2019 \u00e0 l\u2019envers ? Cons comme des Espagnols !<br \/>\n\u2013 C\u2019est cocasse, monsieur, mais ce n\u2019est pas la fin de l\u2019histoire. M. Escudero a \u00e9t\u00e9 bel et bien \u00e9t\u00e9 circoncis.<br \/>\n\u2013 Comment ?!<br \/>\n\u2013 Par un rabbin d\u2019origine polonaise. Au mois de novembre.<br \/>\nPacheco part dans un tel rire qu\u2019il en devient un rugissement.<br \/>\n\u2013 Alors c\u2019est donc vrai, s\u2019\u00e9tonne le capitaine Maltranilla en prenant une chaise, que de nombreux Chr\u00e9tiens veulent se convertir au juda\u00efsme ? Les marchands de La Haye m\u2019ont dit qu\u2019ils doivent en refuser des r\u00e9giments entiers.<br \/>\n\u2013 Mais non, mais non, temp\u00e8re Pacheco en reprenant son souffle. Le probl\u00e8me n\u2019est pas le nombre. Les rabbins n\u2019aiment pas convertir les Chr\u00e9tiens de souche, voil\u00e0 tout.<br \/>\n\u2013 Chr\u00e9tiens de souche, \u00e7a n\u2019a aucun sens, grogne Prado le nez dans son verre.<br \/>\n\u2013 Tu as peut-\u00eatre raison, Juan, conc\u00e8de Reynoso, mais je vais te dire une chose. Quand je suis arriv\u00e9 \u00e0 Amsterdam, j\u2019ai vu l\u2019honorable rabbi Menasseh, paix \u00e0 son \u00e2me, qui accostait un couple \u00e0 peine d\u00e9barqu\u00e9 du bateau. Les malheureux n\u2019avaient pas encore de maison qu\u2019il leur parlait de juda\u00efsme ! En suite de quoi, ils ont appel\u00e9 les gardes et ils ont port\u00e9 plainte devant la couronne d\u2019Espagne. Voil\u00e0 la diff\u00e9rence, mon cher. Un Catholique de souche n\u2019a rien de sp\u00e9cial dans le sang, mais il te d\u00e9nonce \u00e0 l\u2019Inquisition ; \u00e7a fait je crois une bonne d\u00e9finition. Qu\u2019en dites-vous, l\u2019abb\u00e9 ?<br \/>\n\u2013 Je suis moine de la r\u00e8gle de saint Augustin, rougit de nouveau fr\u00e8re Tom\u00e1s. Pas abb\u00e9.<br \/>\n\u2013 Ce que tu racontes est pass\u00e9 de mode, observe Spinoza. Le Mahamad a \u00e9nonc\u00e9 une ordonnance il y a d\u00e9j\u00e0 longtemps contre le pros\u00e9lytisme des rabbins.<br \/>\n\u2013 De toute fa\u00e7on, tranche Prado, ils ont refus\u00e9 Escudero parce qu\u2019un com\u00e9dien aussi c\u00e9l\u00e8bre qui se convertit, \u00e7a va faire des vagues depuis la M\u00e9diterran\u00e9e jusqu\u2019\u00e0 la Baltique.<br \/>\n\u2013 Pardonnez ma question, messieurs, mais\u2026 Quel avantage peut-on trouver dans le juda\u00efsme ? lance Maltranilla d\u2019un air ing\u00e9nu.<br \/>\nLes convives se regardent les uns les autres d\u2019un air mi-amus\u00e9, mi-contraint.<br \/>\n\u2013 Capitaine, clappe des mains le docteur Reynoso, votre question t\u00e9moigne d\u2019une noble franchise. Aussi vais-je vous r\u00e9pondre sans d\u00e9tour. On vous dira qu\u2019il y a plus de myst\u00e8res dans le juda\u00efsme. Je le confirme. Depuis que je suis entr\u00e9 dans notre sainte Communaut\u00e9, je crois pouvoir me vanter que personne n\u2019a jamais formul\u00e9 un seul reproche contre moi. Mais il y a tellement de r\u00e8gles que je ne sais o\u00f9 j\u2019en suis. \u2018Si seulement j\u2019\u00e9tais aussi bon juif que j\u2019\u00e9tais bon chr\u00e9tien en Espagne !\u2019<br \/>\nIl fait une pause, puis tend deux doigts vers Prado et Spinoza.<br \/>\n\u2013 Et je ne vous parle pas de ces zigotos-l\u00e0. Ils sont infr\u00e9quentables, mais pour notre malheur\u2026 Ils sont irr\u00e9sistibles !<br \/>\nL\u2019hilarit\u00e9 g\u00e9n\u00e9rale pique l\u2019int\u00e9r\u00eat du capitaine. Sans fausse g\u00eane, Prado et Spinoza lui confirment aussit\u00f4t \u2018qu\u2019ils ont \u00e9t\u00e9 juifs et en ont profess\u00e9 la Loi, et qu\u2019ils s\u2019en sont \u00e9cart\u00e9s (\u2026), et qu\u2019ils recherchent quelle est la meilleure [religion] pour la professer.\u2019<br \/>\nAux yeux de Maltranilla, ces apatrides du royaume des Cieux sont plus d\u00e9concertants que les bip\u00e8des \u00e0 plumes des terres exotiques. Peut-on renier sa religion et rester ainsi en suspens, m\u00e9connaissable aux hommes comme \u00e0 Dieu ? En r\u00e9ponse, les bannis lui assurent \u2018qu\u2019ils n\u2019ont pas besoin de la foi\u2019. Fr\u00e8re Tom\u00e1s en tombe de sa chaise.<br \/>\n\u2013 Mais enfin ! Comment pouvez-vous vivre ?<br \/>\n\u2013 Pas facile\u2026 conc\u00e8de Prado. Ma famille souffrait moins gr\u00e2ce aux aides\u2026 Mais de nos jours on crache sur le savoir, alors je ne vais pas vendre mon \u00e2me pour une poign\u00e9e de tourbe.<br \/>\n\u2013 Et vous, jeune homme, avez-vous un m\u00e9tier ?<br \/>\n\u2013 No-on, moi je\u2026 je suis philosophe. Donc\u2026 non.<br \/>\nLe capitaine ram\u00e8ne l\u2019entretien sur Dieu, les Livres sacr\u00e9s, les Commandements. Toujours tr\u00e8s volubile, Juan de Prado souffle \u00e0 son gr\u00e9 la perplexit\u00e9 ou l\u2019hilarit\u00e9 parmi ses auditeurs, soutenant au passage que l\u2019\u00e2me meurt avec le corps et que Mo\u00efse n\u2019a pas \u00e9crit le Pentateuque. Maltranilla est assez connaisseur pour prendre go\u00fbt \u00e0 la conversation. Tout au long de son s\u00e9jour \u00e0 Amsterdam, il ne cessera de revenir chez Don Guerra.<br \/>\nLa nuit est bien avanc\u00e9e lorsque le militaire et le moine passent leurs manteaux. Fr\u00e8re Tom\u00e1s couve son compagnon d\u2019un \u0153il inquiet.<br \/>\n\u2013 Qu\u2019en pensez-vous, capitaine ? Ces ren\u00e9gats n\u2019ont-ils\u2026<br \/>\n\u2013 Ah, \u00e9coutez, fr\u00e8re Tom\u00e1s. Ils ont dit \u2018qu\u2019ils s\u2019\u00e9taient \u00e9cart\u00e9s de la loi de Mo\u00efse parce qu\u2019ils ne la trouvaient ni vraie, ni bonne\u2019. Vous n\u2019allez pas leur donner tort ? Ou comptez-vous vous faire circoncire ?<br \/>\n\u2013 Sans doute, ce Spinoza est bon philosophe\u2026 Mais capitaine, ils disent \u2018qu\u2019il n\u2019y a de Dieu que philosophiquement ! Et que les \u00e2mes meurent avec les corps !\u2019 Souvenez-vous que l\u2019insens\u00e9 a dit en son c\u0153ur : il n\u2019est point de Dieu.<br \/>\n\u2013 Psaume 14, verset 1. Mais ce n\u2019est pas ce qu\u2019ils ont dit. J\u2019ai trouv\u00e9 ce docteur Prado d\u2019une intelligence aiguis\u00e9e.<br \/>\n\u2013 On voit qu\u2019ils sont \u2018contents d\u2019avoir l\u2019erreur d\u2019ath\u00e9isme\u2019. Croyez-moi, capitaine, l\u00e0 o\u00f9 il y a deux m\u00e9decins, il y a trois ath\u00e9es\u2026<br \/>\n\u2013 Vous inversez le proverbe, fr\u00e8re Tom\u00e1s. Trois, et puis deux. Sinon \u00e7a ne veut rien dire. Attention \u00e0 la marche. Tenez, prenez mon bras. Manquerait plus que vous vous cassiez une jambe.<br \/>\nQuelques mois plus tard, le 14 janvier 1659, le capitaine Maltranilla trouve le moyen de quitter Amsterdam. Fr\u00e8re Tom\u00e1s en fait autant le 25 mars. A leur retour dans leur patrie, les deux hommes d\u00e9couvriront que la conversion du com\u00e9dien Lorenzo Escudero au juda\u00efsme a bel et bien cr\u00e9\u00e9 un scandale europ\u00e9en. Effray\u00e9 d\u2019avoir \u00e9t\u00e9 m\u00eal\u00e9 \u00e0 une affaire aussi grave, fr\u00e8re Tom\u00e1s courra \u00e0 toutes jambes dans les locaux de l\u2019Inquisition pour t\u00e9moigner de ses efforts en Hollande. Il livrera tant de noms et de d\u00e9tails que Maltranilla sera convoqu\u00e9 \u00e0 son tour et devra, lui aussi, raconter ses soir\u00e9es dans les salons d\u2019Amsterdam.<\/p>\n","protected":false},"excerpt":{"rendered":"<p>&nbsp; Qu\u2019est-ce que la \u201cvitalisation\u201d d\u2019une archive ? Exemple d\u2019une technique narrative employ\u00e9e dans Le Clan Spinoza. LE CLAN SPINOZA\u00b7VENDREDI 21 SEPTEMBRE 201850 lectures Le Clan Spinoza n\u2019est pas un [&hellip;]<\/p>\n","protected":false},"author":1,"featured_media":733,"comment_status":"open","ping_status":"open","sticky":false,"template":"","format":"chat","meta":{"footnotes":""},"categories":[12],"tags":[],"class_list":["post-721","post","type-post","status-publish","format-chat","has-post-thumbnail","hentry","category-debats","post_format-post-format-chat"],"yoast_head":"<!-- This site is optimized with the Yoast SEO plugin v25.1 - https:\/\/yoast.com\/wordpress\/plugins\/seo\/ -->\n<title>Principes d&#039;\u00e9criture 1. Qu&#039;est-ce que la vitalisation d&#039;une archive ? - Le Clan Spinoza | Maxime Rovere<\/title>\n<meta name=\"robots\" content=\"index, follow, max-snippet:-1, max-image-preview:large, max-video-preview:-1\" \/>\n<link rel=\"canonical\" href=\"https:\/\/leclanspinoza.fr\/social\/principes-decriture-1-quest-vitalisation-dune-archive\/\" \/>\n<meta property=\"og:locale\" content=\"fr_FR\" \/>\n<meta property=\"og:type\" content=\"article\" \/>\n<meta property=\"og:title\" content=\"Principes d&#039;\u00e9criture 1. Qu&#039;est-ce que la vitalisation d&#039;une archive ? - Le Clan Spinoza | Maxime Rovere\" \/>\n<meta property=\"og:description\" content=\"&nbsp; Qu\u2019est-ce que la \u201cvitalisation\u201d d\u2019une archive ? Exemple d\u2019une technique narrative employ\u00e9e dans Le Clan Spinoza. LE CLAN SPINOZA\u00b7VENDREDI 21 SEPTEMBRE 201850 lectures Le Clan Spinoza n\u2019est pas un [&hellip;]\" \/>\n<meta property=\"og:url\" content=\"https:\/\/leclanspinoza.fr\/social\/principes-decriture-1-quest-vitalisation-dune-archive\/\" \/>\n<meta property=\"og:site_name\" content=\"Le Clan Spinoza | Maxime Rovere\" \/>\n<meta property=\"article:published_time\" content=\"2019-01-03T20:18:32+00:00\" \/>\n<meta property=\"article:modified_time\" content=\"2019-01-03T20:22:37+00:00\" \/>\n<meta property=\"og:image\" content=\"https:\/\/leclanspinoza.fr\/social\/wp-content\/uploads\/2019\/01\/Laurent-Vignon-par-Portrait-dune-jeune-femme-1643-Johannes-Cornelisz-Verspronck-e1546546866126.jpg\" \/>\n\t<meta property=\"og:image:width\" content=\"974\" \/>\n\t<meta property=\"og:image:height\" content=\"858\" \/>\n\t<meta property=\"og:image:type\" content=\"image\/jpeg\" \/>\n<meta name=\"author\" content=\"admin\" \/>\n<meta name=\"twitter:card\" content=\"summary_large_image\" \/>\n<meta name=\"twitter:label1\" content=\"\u00c9crit par\" \/>\n\t<meta name=\"twitter:data1\" content=\"admin\" \/>\n\t<meta name=\"twitter:label2\" content=\"Dur\u00e9e de lecture estim\u00e9e\" \/>\n\t<meta name=\"twitter:data2\" content=\"16 minutes\" \/>\n<script type=\"application\/ld+json\" class=\"yoast-schema-graph\">{\"@context\":\"https:\/\/schema.org\",\"@graph\":[{\"@type\":\"Article\",\"@id\":\"https:\/\/leclanspinoza.fr\/social\/principes-decriture-1-quest-vitalisation-dune-archive\/#article\",\"isPartOf\":{\"@id\":\"https:\/\/leclanspinoza.fr\/social\/principes-decriture-1-quest-vitalisation-dune-archive\/\"},\"author\":{\"name\":\"admin\",\"@id\":\"https:\/\/leclanspinoza.fr\/social\/#\/schema\/person\/7d0ba1221428d09be393d8958e29bae9\"},\"headline\":\"Principes d&rsquo;\u00e9criture 1. Qu&rsquo;est-ce que la vitalisation d&rsquo;une archive ?\",\"datePublished\":\"2019-01-03T20:18:32+00:00\",\"dateModified\":\"2019-01-03T20:22:37+00:00\",\"mainEntityOfPage\":{\"@id\":\"https:\/\/leclanspinoza.fr\/social\/principes-decriture-1-quest-vitalisation-dune-archive\/\"},\"wordCount\":3258,\"commentCount\":0,\"publisher\":{\"@id\":\"https:\/\/leclanspinoza.fr\/social\/#\/schema\/person\/3fdda1c074eb77c2ae0d6ed29fb3ce5e\"},\"image\":{\"@id\":\"https:\/\/leclanspinoza.fr\/social\/principes-decriture-1-quest-vitalisation-dune-archive\/#primaryimage\"},\"thumbnailUrl\":\"https:\/\/leclanspinoza.fr\/social\/wp-content\/uploads\/2019\/01\/Laurent-Vignon-par-Portrait-dune-jeune-femme-1643-Johannes-Cornelisz-Verspronck-e1546546866126.jpg\",\"articleSection\":[\"D\u00e9bats\"],\"inLanguage\":\"fr-FR\",\"potentialAction\":[{\"@type\":\"CommentAction\",\"name\":\"Comment\",\"target\":[\"https:\/\/leclanspinoza.fr\/social\/principes-decriture-1-quest-vitalisation-dune-archive\/#respond\"]}]},{\"@type\":\"WebPage\",\"@id\":\"https:\/\/leclanspinoza.fr\/social\/principes-decriture-1-quest-vitalisation-dune-archive\/\",\"url\":\"https:\/\/leclanspinoza.fr\/social\/principes-decriture-1-quest-vitalisation-dune-archive\/\",\"name\":\"Principes d'\u00e9criture 1. Qu'est-ce que la vitalisation d'une archive ? - Le Clan Spinoza | Maxime Rovere\",\"isPartOf\":{\"@id\":\"https:\/\/leclanspinoza.fr\/social\/#website\"},\"primaryImageOfPage\":{\"@id\":\"https:\/\/leclanspinoza.fr\/social\/principes-decriture-1-quest-vitalisation-dune-archive\/#primaryimage\"},\"image\":{\"@id\":\"https:\/\/leclanspinoza.fr\/social\/principes-decriture-1-quest-vitalisation-dune-archive\/#primaryimage\"},\"thumbnailUrl\":\"https:\/\/leclanspinoza.fr\/social\/wp-content\/uploads\/2019\/01\/Laurent-Vignon-par-Portrait-dune-jeune-femme-1643-Johannes-Cornelisz-Verspronck-e1546546866126.jpg\",\"datePublished\":\"2019-01-03T20:18:32+00:00\",\"dateModified\":\"2019-01-03T20:22:37+00:00\",\"breadcrumb\":{\"@id\":\"https:\/\/leclanspinoza.fr\/social\/principes-decriture-1-quest-vitalisation-dune-archive\/#breadcrumb\"},\"inLanguage\":\"fr-FR\",\"potentialAction\":[{\"@type\":\"ReadAction\",\"target\":[\"https:\/\/leclanspinoza.fr\/social\/principes-decriture-1-quest-vitalisation-dune-archive\/\"]}]},{\"@type\":\"ImageObject\",\"inLanguage\":\"fr-FR\",\"@id\":\"https:\/\/leclanspinoza.fr\/social\/principes-decriture-1-quest-vitalisation-dune-archive\/#primaryimage\",\"url\":\"https:\/\/leclanspinoza.fr\/social\/wp-content\/uploads\/2019\/01\/Laurent-Vignon-par-Portrait-dune-jeune-femme-1643-Johannes-Cornelisz-Verspronck-e1546546866126.jpg\",\"contentUrl\":\"https:\/\/leclanspinoza.fr\/social\/wp-content\/uploads\/2019\/01\/Laurent-Vignon-par-Portrait-dune-jeune-femme-1643-Johannes-Cornelisz-Verspronck-e1546546866126.jpg\",\"width\":974,\"height\":858},{\"@type\":\"BreadcrumbList\",\"@id\":\"https:\/\/leclanspinoza.fr\/social\/principes-decriture-1-quest-vitalisation-dune-archive\/#breadcrumb\",\"itemListElement\":[{\"@type\":\"ListItem\",\"position\":1,\"name\":\"Accueil\",\"item\":\"https:\/\/leclanspinoza.fr\/social\/\"},{\"@type\":\"ListItem\",\"position\":2,\"name\":\"Principes d&rsquo;\u00e9criture 1. Qu&rsquo;est-ce que la vitalisation d&rsquo;une archive ?\"}]},{\"@type\":\"WebSite\",\"@id\":\"https:\/\/leclanspinoza.fr\/social\/#website\",\"url\":\"https:\/\/leclanspinoza.fr\/social\/\",\"name\":\"Le Clan Spinoza | Maxime Rovere\",\"description\":\"Le Clan Spinoza. Amsterdam 1677. L&#039;invention de la libert\u00e9. Un roman \/ une recherche de Maxime Rovere, \u00c9dition Flammarion 2017.\",\"publisher\":{\"@id\":\"https:\/\/leclanspinoza.fr\/social\/#\/schema\/person\/3fdda1c074eb77c2ae0d6ed29fb3ce5e\"},\"potentialAction\":[{\"@type\":\"SearchAction\",\"target\":{\"@type\":\"EntryPoint\",\"urlTemplate\":\"https:\/\/leclanspinoza.fr\/social\/?s={search_term_string}\"},\"query-input\":{\"@type\":\"PropertyValueSpecification\",\"valueRequired\":true,\"valueName\":\"search_term_string\"}}],\"inLanguage\":\"fr-FR\"},{\"@type\":[\"Person\",\"Organization\"],\"@id\":\"https:\/\/leclanspinoza.fr\/social\/#\/schema\/person\/3fdda1c074eb77c2ae0d6ed29fb3ce5e\",\"name\":\"Maxime Rovere\",\"image\":{\"@type\":\"ImageObject\",\"inLanguage\":\"fr-FR\",\"@id\":\"https:\/\/leclanspinoza.fr\/social\/#\/schema\/person\/image\/\",\"url\":\"https:\/\/leclanspinoza.fr\/social\/wp-content\/uploads\/2024\/06\/logoCS-1.jpg\",\"contentUrl\":\"https:\/\/leclanspinoza.fr\/social\/wp-content\/uploads\/2024\/06\/logoCS-1.jpg\",\"width\":847,\"height\":564,\"caption\":\"Maxime Rovere\"},\"logo\":{\"@id\":\"https:\/\/leclanspinoza.fr\/social\/#\/schema\/person\/image\/\"}},{\"@type\":\"Person\",\"@id\":\"https:\/\/leclanspinoza.fr\/social\/#\/schema\/person\/7d0ba1221428d09be393d8958e29bae9\",\"name\":\"admin\",\"image\":{\"@type\":\"ImageObject\",\"inLanguage\":\"fr-FR\",\"@id\":\"https:\/\/leclanspinoza.fr\/social\/#\/schema\/person\/image\/\",\"url\":\"https:\/\/secure.gravatar.com\/avatar\/42ae4c8f2cb9595842580d6a5eba6566431e0936c4d08075ec8915f6346df0e5?s=96&d=mm&r=g\",\"contentUrl\":\"https:\/\/secure.gravatar.com\/avatar\/42ae4c8f2cb9595842580d6a5eba6566431e0936c4d08075ec8915f6346df0e5?s=96&d=mm&r=g\",\"caption\":\"admin\"}}]}<\/script>\n<!-- \/ Yoast SEO plugin. -->","yoast_head_json":{"title":"Principes d'\u00e9criture 1. Qu'est-ce que la vitalisation d'une archive ? - Le Clan Spinoza | Maxime Rovere","robots":{"index":"index","follow":"follow","max-snippet":"max-snippet:-1","max-image-preview":"max-image-preview:large","max-video-preview":"max-video-preview:-1"},"canonical":"https:\/\/leclanspinoza.fr\/social\/principes-decriture-1-quest-vitalisation-dune-archive\/","og_locale":"fr_FR","og_type":"article","og_title":"Principes d'\u00e9criture 1. Qu'est-ce que la vitalisation d'une archive ? - Le Clan Spinoza | Maxime Rovere","og_description":"&nbsp; Qu\u2019est-ce que la \u201cvitalisation\u201d d\u2019une archive ? Exemple d\u2019une technique narrative employ\u00e9e dans Le Clan Spinoza. LE CLAN SPINOZA\u00b7VENDREDI 21 SEPTEMBRE 201850 lectures Le Clan Spinoza n\u2019est pas un [&hellip;]","og_url":"https:\/\/leclanspinoza.fr\/social\/principes-decriture-1-quest-vitalisation-dune-archive\/","og_site_name":"Le Clan Spinoza | Maxime Rovere","article_published_time":"2019-01-03T20:18:32+00:00","article_modified_time":"2019-01-03T20:22:37+00:00","og_image":[{"width":974,"height":858,"url":"https:\/\/leclanspinoza.fr\/social\/wp-content\/uploads\/2019\/01\/Laurent-Vignon-par-Portrait-dune-jeune-femme-1643-Johannes-Cornelisz-Verspronck-e1546546866126.jpg","type":"image\/jpeg"}],"author":"admin","twitter_card":"summary_large_image","twitter_misc":{"\u00c9crit par":"admin","Dur\u00e9e de lecture estim\u00e9e":"16 minutes"},"schema":{"@context":"https:\/\/schema.org","@graph":[{"@type":"Article","@id":"https:\/\/leclanspinoza.fr\/social\/principes-decriture-1-quest-vitalisation-dune-archive\/#article","isPartOf":{"@id":"https:\/\/leclanspinoza.fr\/social\/principes-decriture-1-quest-vitalisation-dune-archive\/"},"author":{"name":"admin","@id":"https:\/\/leclanspinoza.fr\/social\/#\/schema\/person\/7d0ba1221428d09be393d8958e29bae9"},"headline":"Principes d&rsquo;\u00e9criture 1. Qu&rsquo;est-ce que la vitalisation d&rsquo;une archive ?","datePublished":"2019-01-03T20:18:32+00:00","dateModified":"2019-01-03T20:22:37+00:00","mainEntityOfPage":{"@id":"https:\/\/leclanspinoza.fr\/social\/principes-decriture-1-quest-vitalisation-dune-archive\/"},"wordCount":3258,"commentCount":0,"publisher":{"@id":"https:\/\/leclanspinoza.fr\/social\/#\/schema\/person\/3fdda1c074eb77c2ae0d6ed29fb3ce5e"},"image":{"@id":"https:\/\/leclanspinoza.fr\/social\/principes-decriture-1-quest-vitalisation-dune-archive\/#primaryimage"},"thumbnailUrl":"https:\/\/leclanspinoza.fr\/social\/wp-content\/uploads\/2019\/01\/Laurent-Vignon-par-Portrait-dune-jeune-femme-1643-Johannes-Cornelisz-Verspronck-e1546546866126.jpg","articleSection":["D\u00e9bats"],"inLanguage":"fr-FR","potentialAction":[{"@type":"CommentAction","name":"Comment","target":["https:\/\/leclanspinoza.fr\/social\/principes-decriture-1-quest-vitalisation-dune-archive\/#respond"]}]},{"@type":"WebPage","@id":"https:\/\/leclanspinoza.fr\/social\/principes-decriture-1-quest-vitalisation-dune-archive\/","url":"https:\/\/leclanspinoza.fr\/social\/principes-decriture-1-quest-vitalisation-dune-archive\/","name":"Principes d'\u00e9criture 1. Qu'est-ce que la vitalisation d'une archive ? - Le Clan Spinoza | Maxime Rovere","isPartOf":{"@id":"https:\/\/leclanspinoza.fr\/social\/#website"},"primaryImageOfPage":{"@id":"https:\/\/leclanspinoza.fr\/social\/principes-decriture-1-quest-vitalisation-dune-archive\/#primaryimage"},"image":{"@id":"https:\/\/leclanspinoza.fr\/social\/principes-decriture-1-quest-vitalisation-dune-archive\/#primaryimage"},"thumbnailUrl":"https:\/\/leclanspinoza.fr\/social\/wp-content\/uploads\/2019\/01\/Laurent-Vignon-par-Portrait-dune-jeune-femme-1643-Johannes-Cornelisz-Verspronck-e1546546866126.jpg","datePublished":"2019-01-03T20:18:32+00:00","dateModified":"2019-01-03T20:22:37+00:00","breadcrumb":{"@id":"https:\/\/leclanspinoza.fr\/social\/principes-decriture-1-quest-vitalisation-dune-archive\/#breadcrumb"},"inLanguage":"fr-FR","potentialAction":[{"@type":"ReadAction","target":["https:\/\/leclanspinoza.fr\/social\/principes-decriture-1-quest-vitalisation-dune-archive\/"]}]},{"@type":"ImageObject","inLanguage":"fr-FR","@id":"https:\/\/leclanspinoza.fr\/social\/principes-decriture-1-quest-vitalisation-dune-archive\/#primaryimage","url":"https:\/\/leclanspinoza.fr\/social\/wp-content\/uploads\/2019\/01\/Laurent-Vignon-par-Portrait-dune-jeune-femme-1643-Johannes-Cornelisz-Verspronck-e1546546866126.jpg","contentUrl":"https:\/\/leclanspinoza.fr\/social\/wp-content\/uploads\/2019\/01\/Laurent-Vignon-par-Portrait-dune-jeune-femme-1643-Johannes-Cornelisz-Verspronck-e1546546866126.jpg","width":974,"height":858},{"@type":"BreadcrumbList","@id":"https:\/\/leclanspinoza.fr\/social\/principes-decriture-1-quest-vitalisation-dune-archive\/#breadcrumb","itemListElement":[{"@type":"ListItem","position":1,"name":"Accueil","item":"https:\/\/leclanspinoza.fr\/social\/"},{"@type":"ListItem","position":2,"name":"Principes d&rsquo;\u00e9criture 1. Qu&rsquo;est-ce que la vitalisation d&rsquo;une archive ?"}]},{"@type":"WebSite","@id":"https:\/\/leclanspinoza.fr\/social\/#website","url":"https:\/\/leclanspinoza.fr\/social\/","name":"Le Clan Spinoza | Maxime Rovere","description":"Le Clan Spinoza. Amsterdam 1677. L&#039;invention de la libert\u00e9. Un roman \/ une recherche de Maxime Rovere, \u00c9dition Flammarion 2017.","publisher":{"@id":"https:\/\/leclanspinoza.fr\/social\/#\/schema\/person\/3fdda1c074eb77c2ae0d6ed29fb3ce5e"},"potentialAction":[{"@type":"SearchAction","target":{"@type":"EntryPoint","urlTemplate":"https:\/\/leclanspinoza.fr\/social\/?s={search_term_string}"},"query-input":{"@type":"PropertyValueSpecification","valueRequired":true,"valueName":"search_term_string"}}],"inLanguage":"fr-FR"},{"@type":["Person","Organization"],"@id":"https:\/\/leclanspinoza.fr\/social\/#\/schema\/person\/3fdda1c074eb77c2ae0d6ed29fb3ce5e","name":"Maxime Rovere","image":{"@type":"ImageObject","inLanguage":"fr-FR","@id":"https:\/\/leclanspinoza.fr\/social\/#\/schema\/person\/image\/","url":"https:\/\/leclanspinoza.fr\/social\/wp-content\/uploads\/2024\/06\/logoCS-1.jpg","contentUrl":"https:\/\/leclanspinoza.fr\/social\/wp-content\/uploads\/2024\/06\/logoCS-1.jpg","width":847,"height":564,"caption":"Maxime Rovere"},"logo":{"@id":"https:\/\/leclanspinoza.fr\/social\/#\/schema\/person\/image\/"}},{"@type":"Person","@id":"https:\/\/leclanspinoza.fr\/social\/#\/schema\/person\/7d0ba1221428d09be393d8958e29bae9","name":"admin","image":{"@type":"ImageObject","inLanguage":"fr-FR","@id":"https:\/\/leclanspinoza.fr\/social\/#\/schema\/person\/image\/","url":"https:\/\/secure.gravatar.com\/avatar\/42ae4c8f2cb9595842580d6a5eba6566431e0936c4d08075ec8915f6346df0e5?s=96&d=mm&r=g","contentUrl":"https:\/\/secure.gravatar.com\/avatar\/42ae4c8f2cb9595842580d6a5eba6566431e0936c4d08075ec8915f6346df0e5?s=96&d=mm&r=g","caption":"admin"}}]}},"_links":{"self":[{"href":"https:\/\/leclanspinoza.fr\/social\/wp-json\/wp\/v2\/posts\/721","targetHints":{"allow":["GET"]}}],"collection":[{"href":"https:\/\/leclanspinoza.fr\/social\/wp-json\/wp\/v2\/posts"}],"about":[{"href":"https:\/\/leclanspinoza.fr\/social\/wp-json\/wp\/v2\/types\/post"}],"author":[{"embeddable":true,"href":"https:\/\/leclanspinoza.fr\/social\/wp-json\/wp\/v2\/users\/1"}],"replies":[{"embeddable":true,"href":"https:\/\/leclanspinoza.fr\/social\/wp-json\/wp\/v2\/comments?post=721"}],"version-history":[{"count":7,"href":"https:\/\/leclanspinoza.fr\/social\/wp-json\/wp\/v2\/posts\/721\/revisions"}],"predecessor-version":[{"id":735,"href":"https:\/\/leclanspinoza.fr\/social\/wp-json\/wp\/v2\/posts\/721\/revisions\/735"}],"wp:featuredmedia":[{"embeddable":true,"href":"https:\/\/leclanspinoza.fr\/social\/wp-json\/wp\/v2\/media\/733"}],"wp:attachment":[{"href":"https:\/\/leclanspinoza.fr\/social\/wp-json\/wp\/v2\/media?parent=721"}],"wp:term":[{"taxonomy":"category","embeddable":true,"href":"https:\/\/leclanspinoza.fr\/social\/wp-json\/wp\/v2\/categories?post=721"},{"taxonomy":"post_tag","embeddable":true,"href":"https:\/\/leclanspinoza.fr\/social\/wp-json\/wp\/v2\/tags?post=721"}],"curies":[{"name":"wp","href":"https:\/\/api.w.org\/{rel}","templated":true}]}}