{"id":452,"date":"2017-07-04T12:44:40","date_gmt":"2017-07-04T10:44:40","guid":{"rendered":"http:\/\/www.leclanspinoza.com\/social\/?p=452"},"modified":"2017-10-11T16:09:51","modified_gmt":"2017-10-11T14:09:51","slug":"spinoza-par-ses-amis","status":"publish","type":"post","link":"https:\/\/leclanspinoza.fr\/social\/spinoza-par-ses-amis\/","title":{"rendered":"Jarig Jellesz et Lodewijk Meyer, Spinoza par ses amis"},"content":{"rendered":"<p><strong>Pr\u00e9face et Index aux <em>Opera Posthuma<\/em> de Spinoza<\/strong><br \/>\nTraduction du latin, pr\u00e9sentation et notes par Maxime Rovere, Payot &amp; Rivages, 2017.<\/p>\n<p>Leurs vies sont si ins\u00e9parables qu\u2019ils ont \u00e9crit leurs \u0153uvres en \u00e9cho les uns aux autres\u00a0: entre Bento de Spinoza, Jarig Jellesz et Lodewijk Meyer, l\u2019amiti\u00e9 a \u00e9t\u00e9 aussi forte, l\u2019intimit\u00e9 aussi grande qu\u2019entre Montaigne et La Bo\u00e9tie. Meyer a donn\u00e9 \u00e0 Spinoza l\u2019essentiel de sa physique\u00a0; Jellesz l\u2019a introduit \u00e0 une spiritualit\u00e9 m\u00ealant rationalisme, sensibilit\u00e9 et go\u00fbt du dialogue. A partir de ces \u00e9l\u00e9ments, Spinoza, d\u2019ann\u00e9e en ann\u00e9e, n\u2019a cess\u00e9 d\u2019\u00e9crire des textes que Jellesz et Meyer ont patiemment relus, comment\u00e9s, corrig\u00e9s, traduits \u2013 jusqu\u2019\u00e0 ce qu\u2019ils les publient tous en m\u00eame temps, \u00e0 la mort de leur ami, sous le titre <em>Opera Posthuma<\/em>.<\/p>\n<p>La pr\u00e9face des <em>Opera Posthuma<\/em> est donc \u00e0 la fois un t\u00e9moignage d\u2019amiti\u00e9 jet\u00e9 \u00e0 la face de la mort, et l\u2019un des textes fondateurs du \u2018spinozisme\u2019. Jellesz et Meyer y livrent les interpr\u00e9tations qu\u2019une longue fr\u00e9quentation de Spinoza leur a permis d\u2019avoir du philosophe. Par petites touches, ils \u00e9voquent son rapport \u00e0 Descartes \u2013 comme moyen plus que comme \u2018ma\u00eetre\u2019 \u2013 ses travaux en optique \u2013 comme science plus que comme artisanat \u2013 et son ardeur \u00e0 l\u2019\u00e9tude. Ce texte sobre et pudique est la premi\u00e8re apparition publique de l\u2019homme, avant que les biographes Lucas et Colerus n\u2019entreprennent de compl\u00e9ter cette \u00e9l\u00e9gante silhouette par un travail approfondi, et que l\u2019article Spinoza, du Dictionnaire de Pierre Bayle, n\u2019ach\u00e8ve de construire la l\u00e9gende.<\/p>\n<p>Cette \u00e9dition comporte aussi l\u2019index des <em>Opera Posthuma<\/em>, dans lequel les amis proposent des d\u00e9finitions des termes de Spinoza tels qu\u2019ils les comprenaient. Cette pr\u00e9sentation d\u2019une pens\u00e9e en morceaux laisse entrevoir des raccourcis suggestifs, des perspectives inachev\u00e9es, o\u00f9 le lecteur d\u00e9couvre des pans entiers de philosophie illumin\u00e9s dans de brusques \u00e9clairs.<\/p>\n","protected":false},"excerpt":{"rendered":"<p>Pr\u00e9face et Index aux Opera Posthuma de Spinoza Traduction du latin, pr\u00e9sentation et notes par Maxime Rovere, Payot &amp; Rivages, 2017. Leurs vies sont si ins\u00e9parables qu\u2019ils ont \u00e9crit leurs [&hellip;]<\/p>\n","protected":false},"author":1,"featured_media":611,"comment_status":"open","ping_status":"open","sticky":false,"template":"","format":"chat","meta":{"footnotes":""},"categories":[9],"tags":[],"class_list":["post-452","post","type-post","status-publish","format-chat","has-post-thumbnail","hentry","category-articles","post_format-post-format-chat"],"yoast_head":"<!-- This site is optimized with the Yoast SEO plugin v25.1 - https:\/\/yoast.com\/wordpress\/plugins\/seo\/ -->\n<title>Jarig Jellesz et Lodewijk Meyer, Spinoza par ses amis - Le Clan Spinoza | Maxime Rovere<\/title>\n<meta name=\"description\" content=\"Spinoza par ses amis. Pr\u00e9face et Index aux Opera Posthuma de Spinoza. Traduction du latin, pr\u00e9sentation et notes par Maxime Rovere.\" \/>\n<meta name=\"robots\" content=\"index, follow, max-snippet:-1, max-image-preview:large, max-video-preview:-1\" \/>\n<link rel=\"canonical\" href=\"https:\/\/leclanspinoza.fr\/social\/spinoza-par-ses-amis\/\" \/>\n<meta property=\"og:locale\" content=\"fr_FR\" \/>\n<meta property=\"og:type\" content=\"article\" \/>\n<meta property=\"og:title\" content=\"Jarig Jellesz et Lodewijk Meyer, Spinoza par ses amis - Le Clan Spinoza | Maxime Rovere\" \/>\n<meta property=\"og:description\" content=\"Spinoza par ses amis. Pr\u00e9face et Index aux Opera Posthuma de Spinoza. Traduction du latin, pr\u00e9sentation et notes par Maxime Rovere.\" \/>\n<meta property=\"og:url\" content=\"https:\/\/leclanspinoza.fr\/social\/spinoza-par-ses-amis\/\" \/>\n<meta property=\"og:site_name\" content=\"Le Clan Spinoza | Maxime Rovere\" \/>\n<meta property=\"article:published_time\" content=\"2017-07-04T10:44:40+00:00\" \/>\n<meta property=\"article:modified_time\" content=\"2017-10-11T14:09:51+00:00\" \/>\n<meta property=\"og:image\" content=\"https:\/\/leclanspinoza.fr\/social\/wp-content\/uploads\/2017\/07\/Capture-d\u2019\u00e9cran-2017-09-11-\u00e0-14.15.12-e1505210778584.png\" \/>\n\t<meta property=\"og:image:width\" content=\"852\" \/>\n\t<meta property=\"og:image:height\" content=\"411\" \/>\n\t<meta property=\"og:image:type\" content=\"image\/png\" \/>\n<meta name=\"author\" content=\"admin\" \/>\n<meta name=\"twitter:card\" content=\"summary_large_image\" \/>\n<meta name=\"twitter:label1\" content=\"\u00c9crit par\" \/>\n\t<meta name=\"twitter:data1\" content=\"admin\" \/>\n\t<meta name=\"twitter:label2\" content=\"Dur\u00e9e de lecture estim\u00e9e\" \/>\n\t<meta name=\"twitter:data2\" content=\"2 minutes\" \/>\n<script type=\"application\/ld+json\" class=\"yoast-schema-graph\">{\"@context\":\"https:\/\/schema.org\",\"@graph\":[{\"@type\":\"Article\",\"@id\":\"https:\/\/leclanspinoza.fr\/social\/spinoza-par-ses-amis\/#article\",\"isPartOf\":{\"@id\":\"https:\/\/leclanspinoza.fr\/social\/spinoza-par-ses-amis\/\"},\"author\":{\"name\":\"admin\",\"@id\":\"https:\/\/leclanspinoza.fr\/social\/#\/schema\/person\/7d0ba1221428d09be393d8958e29bae9\"},\"headline\":\"Jarig Jellesz et Lodewijk Meyer, Spinoza par ses amis\",\"datePublished\":\"2017-07-04T10:44:40+00:00\",\"dateModified\":\"2017-10-11T14:09:51+00:00\",\"mainEntityOfPage\":{\"@id\":\"https:\/\/leclanspinoza.fr\/social\/spinoza-par-ses-amis\/\"},\"wordCount\":345,\"commentCount\":0,\"publisher\":{\"@id\":\"https:\/\/leclanspinoza.fr\/social\/#\/schema\/person\/3fdda1c074eb77c2ae0d6ed29fb3ce5e\"},\"image\":{\"@id\":\"https:\/\/leclanspinoza.fr\/social\/spinoza-par-ses-amis\/#primaryimage\"},\"thumbnailUrl\":\"https:\/\/leclanspinoza.fr\/social\/wp-content\/uploads\/2017\/07\/Capture-d\u2019\u00e9cran-2017-09-11-\u00e0-14.15.12-e1505210778584.png\",\"articleSection\":[\"Articles\"],\"inLanguage\":\"fr-FR\",\"potentialAction\":[{\"@type\":\"CommentAction\",\"name\":\"Comment\",\"target\":[\"https:\/\/leclanspinoza.fr\/social\/spinoza-par-ses-amis\/#respond\"]}]},{\"@type\":\"WebPage\",\"@id\":\"https:\/\/leclanspinoza.fr\/social\/spinoza-par-ses-amis\/\",\"url\":\"https:\/\/leclanspinoza.fr\/social\/spinoza-par-ses-amis\/\",\"name\":\"Jarig Jellesz et Lodewijk Meyer, Spinoza par ses amis - Le Clan Spinoza | Maxime Rovere\",\"isPartOf\":{\"@id\":\"https:\/\/leclanspinoza.fr\/social\/#website\"},\"primaryImageOfPage\":{\"@id\":\"https:\/\/leclanspinoza.fr\/social\/spinoza-par-ses-amis\/#primaryimage\"},\"image\":{\"@id\":\"https:\/\/leclanspinoza.fr\/social\/spinoza-par-ses-amis\/#primaryimage\"},\"thumbnailUrl\":\"https:\/\/leclanspinoza.fr\/social\/wp-content\/uploads\/2017\/07\/Capture-d\u2019\u00e9cran-2017-09-11-\u00e0-14.15.12-e1505210778584.png\",\"datePublished\":\"2017-07-04T10:44:40+00:00\",\"dateModified\":\"2017-10-11T14:09:51+00:00\",\"description\":\"Spinoza par ses amis. Pr\u00e9face et Index aux Opera Posthuma de Spinoza. Traduction du latin, pr\u00e9sentation et notes par Maxime Rovere.\",\"breadcrumb\":{\"@id\":\"https:\/\/leclanspinoza.fr\/social\/spinoza-par-ses-amis\/#breadcrumb\"},\"inLanguage\":\"fr-FR\",\"potentialAction\":[{\"@type\":\"ReadAction\",\"target\":[\"https:\/\/leclanspinoza.fr\/social\/spinoza-par-ses-amis\/\"]}]},{\"@type\":\"ImageObject\",\"inLanguage\":\"fr-FR\",\"@id\":\"https:\/\/leclanspinoza.fr\/social\/spinoza-par-ses-amis\/#primaryimage\",\"url\":\"https:\/\/leclanspinoza.fr\/social\/wp-content\/uploads\/2017\/07\/Capture-d\u2019\u00e9cran-2017-09-11-\u00e0-14.15.12-e1505210778584.png\",\"contentUrl\":\"https:\/\/leclanspinoza.fr\/social\/wp-content\/uploads\/2017\/07\/Capture-d\u2019\u00e9cran-2017-09-11-\u00e0-14.15.12-e1505210778584.png\",\"width\":852,\"height\":411,\"caption\":\"Spinoza par ses amis\"},{\"@type\":\"BreadcrumbList\",\"@id\":\"https:\/\/leclanspinoza.fr\/social\/spinoza-par-ses-amis\/#breadcrumb\",\"itemListElement\":[{\"@type\":\"ListItem\",\"position\":1,\"name\":\"Accueil\",\"item\":\"https:\/\/leclanspinoza.fr\/social\/\"},{\"@type\":\"ListItem\",\"position\":2,\"name\":\"Jarig Jellesz et Lodewijk Meyer, Spinoza par ses amis\"}]},{\"@type\":\"WebSite\",\"@id\":\"https:\/\/leclanspinoza.fr\/social\/#website\",\"url\":\"https:\/\/leclanspinoza.fr\/social\/\",\"name\":\"Le Clan Spinoza | Maxime Rovere\",\"description\":\"Le Clan Spinoza. Amsterdam 1677. L&#039;invention de la libert\u00e9. Un roman \/ une recherche de Maxime Rovere, \u00c9dition Flammarion 2017.\",\"publisher\":{\"@id\":\"https:\/\/leclanspinoza.fr\/social\/#\/schema\/person\/3fdda1c074eb77c2ae0d6ed29fb3ce5e\"},\"potentialAction\":[{\"@type\":\"SearchAction\",\"target\":{\"@type\":\"EntryPoint\",\"urlTemplate\":\"https:\/\/leclanspinoza.fr\/social\/?s={search_term_string}\"},\"query-input\":{\"@type\":\"PropertyValueSpecification\",\"valueRequired\":true,\"valueName\":\"search_term_string\"}}],\"inLanguage\":\"fr-FR\"},{\"@type\":[\"Person\",\"Organization\"],\"@id\":\"https:\/\/leclanspinoza.fr\/social\/#\/schema\/person\/3fdda1c074eb77c2ae0d6ed29fb3ce5e\",\"name\":\"Maxime Rovere\",\"image\":{\"@type\":\"ImageObject\",\"inLanguage\":\"fr-FR\",\"@id\":\"https:\/\/leclanspinoza.fr\/social\/#\/schema\/person\/image\/\",\"url\":\"https:\/\/leclanspinoza.fr\/social\/wp-content\/uploads\/2024\/06\/logoCS-1.jpg\",\"contentUrl\":\"https:\/\/leclanspinoza.fr\/social\/wp-content\/uploads\/2024\/06\/logoCS-1.jpg\",\"width\":847,\"height\":564,\"caption\":\"Maxime Rovere\"},\"logo\":{\"@id\":\"https:\/\/leclanspinoza.fr\/social\/#\/schema\/person\/image\/\"}},{\"@type\":\"Person\",\"@id\":\"https:\/\/leclanspinoza.fr\/social\/#\/schema\/person\/7d0ba1221428d09be393d8958e29bae9\",\"name\":\"admin\",\"image\":{\"@type\":\"ImageObject\",\"inLanguage\":\"fr-FR\",\"@id\":\"https:\/\/leclanspinoza.fr\/social\/#\/schema\/person\/image\/\",\"url\":\"https:\/\/secure.gravatar.com\/avatar\/42ae4c8f2cb9595842580d6a5eba6566431e0936c4d08075ec8915f6346df0e5?s=96&d=mm&r=g\",\"contentUrl\":\"https:\/\/secure.gravatar.com\/avatar\/42ae4c8f2cb9595842580d6a5eba6566431e0936c4d08075ec8915f6346df0e5?s=96&d=mm&r=g\",\"caption\":\"admin\"}}]}<\/script>\n<!-- \/ Yoast SEO plugin. -->","yoast_head_json":{"title":"Jarig Jellesz et Lodewijk Meyer, Spinoza par ses amis - Le Clan Spinoza | Maxime Rovere","description":"Spinoza par ses amis. Pr\u00e9face et Index aux Opera Posthuma de Spinoza. Traduction du latin, pr\u00e9sentation et notes par Maxime Rovere.","robots":{"index":"index","follow":"follow","max-snippet":"max-snippet:-1","max-image-preview":"max-image-preview:large","max-video-preview":"max-video-preview:-1"},"canonical":"https:\/\/leclanspinoza.fr\/social\/spinoza-par-ses-amis\/","og_locale":"fr_FR","og_type":"article","og_title":"Jarig Jellesz et Lodewijk Meyer, Spinoza par ses amis - Le Clan Spinoza | Maxime Rovere","og_description":"Spinoza par ses amis. Pr\u00e9face et Index aux Opera Posthuma de Spinoza. Traduction du latin, pr\u00e9sentation et notes par Maxime Rovere.","og_url":"https:\/\/leclanspinoza.fr\/social\/spinoza-par-ses-amis\/","og_site_name":"Le Clan Spinoza | Maxime Rovere","article_published_time":"2017-07-04T10:44:40+00:00","article_modified_time":"2017-10-11T14:09:51+00:00","og_image":[{"width":852,"height":411,"url":"https:\/\/leclanspinoza.fr\/social\/wp-content\/uploads\/2017\/07\/Capture-d\u2019\u00e9cran-2017-09-11-\u00e0-14.15.12-e1505210778584.png","type":"image\/png"}],"author":"admin","twitter_card":"summary_large_image","twitter_misc":{"\u00c9crit par":"admin","Dur\u00e9e de lecture estim\u00e9e":"2 minutes"},"schema":{"@context":"https:\/\/schema.org","@graph":[{"@type":"Article","@id":"https:\/\/leclanspinoza.fr\/social\/spinoza-par-ses-amis\/#article","isPartOf":{"@id":"https:\/\/leclanspinoza.fr\/social\/spinoza-par-ses-amis\/"},"author":{"name":"admin","@id":"https:\/\/leclanspinoza.fr\/social\/#\/schema\/person\/7d0ba1221428d09be393d8958e29bae9"},"headline":"Jarig Jellesz et Lodewijk Meyer, Spinoza par ses amis","datePublished":"2017-07-04T10:44:40+00:00","dateModified":"2017-10-11T14:09:51+00:00","mainEntityOfPage":{"@id":"https:\/\/leclanspinoza.fr\/social\/spinoza-par-ses-amis\/"},"wordCount":345,"commentCount":0,"publisher":{"@id":"https:\/\/leclanspinoza.fr\/social\/#\/schema\/person\/3fdda1c074eb77c2ae0d6ed29fb3ce5e"},"image":{"@id":"https:\/\/leclanspinoza.fr\/social\/spinoza-par-ses-amis\/#primaryimage"},"thumbnailUrl":"https:\/\/leclanspinoza.fr\/social\/wp-content\/uploads\/2017\/07\/Capture-d\u2019\u00e9cran-2017-09-11-\u00e0-14.15.12-e1505210778584.png","articleSection":["Articles"],"inLanguage":"fr-FR","potentialAction":[{"@type":"CommentAction","name":"Comment","target":["https:\/\/leclanspinoza.fr\/social\/spinoza-par-ses-amis\/#respond"]}]},{"@type":"WebPage","@id":"https:\/\/leclanspinoza.fr\/social\/spinoza-par-ses-amis\/","url":"https:\/\/leclanspinoza.fr\/social\/spinoza-par-ses-amis\/","name":"Jarig Jellesz et Lodewijk Meyer, Spinoza par ses amis - Le Clan Spinoza | Maxime Rovere","isPartOf":{"@id":"https:\/\/leclanspinoza.fr\/social\/#website"},"primaryImageOfPage":{"@id":"https:\/\/leclanspinoza.fr\/social\/spinoza-par-ses-amis\/#primaryimage"},"image":{"@id":"https:\/\/leclanspinoza.fr\/social\/spinoza-par-ses-amis\/#primaryimage"},"thumbnailUrl":"https:\/\/leclanspinoza.fr\/social\/wp-content\/uploads\/2017\/07\/Capture-d\u2019\u00e9cran-2017-09-11-\u00e0-14.15.12-e1505210778584.png","datePublished":"2017-07-04T10:44:40+00:00","dateModified":"2017-10-11T14:09:51+00:00","description":"Spinoza par ses amis. Pr\u00e9face et Index aux Opera Posthuma de Spinoza. Traduction du latin, pr\u00e9sentation et notes par Maxime Rovere.","breadcrumb":{"@id":"https:\/\/leclanspinoza.fr\/social\/spinoza-par-ses-amis\/#breadcrumb"},"inLanguage":"fr-FR","potentialAction":[{"@type":"ReadAction","target":["https:\/\/leclanspinoza.fr\/social\/spinoza-par-ses-amis\/"]}]},{"@type":"ImageObject","inLanguage":"fr-FR","@id":"https:\/\/leclanspinoza.fr\/social\/spinoza-par-ses-amis\/#primaryimage","url":"https:\/\/leclanspinoza.fr\/social\/wp-content\/uploads\/2017\/07\/Capture-d\u2019\u00e9cran-2017-09-11-\u00e0-14.15.12-e1505210778584.png","contentUrl":"https:\/\/leclanspinoza.fr\/social\/wp-content\/uploads\/2017\/07\/Capture-d\u2019\u00e9cran-2017-09-11-\u00e0-14.15.12-e1505210778584.png","width":852,"height":411,"caption":"Spinoza par ses amis"},{"@type":"BreadcrumbList","@id":"https:\/\/leclanspinoza.fr\/social\/spinoza-par-ses-amis\/#breadcrumb","itemListElement":[{"@type":"ListItem","position":1,"name":"Accueil","item":"https:\/\/leclanspinoza.fr\/social\/"},{"@type":"ListItem","position":2,"name":"Jarig Jellesz et Lodewijk Meyer, Spinoza par ses amis"}]},{"@type":"WebSite","@id":"https:\/\/leclanspinoza.fr\/social\/#website","url":"https:\/\/leclanspinoza.fr\/social\/","name":"Le Clan Spinoza | Maxime Rovere","description":"Le Clan Spinoza. Amsterdam 1677. L&#039;invention de la libert\u00e9. Un roman \/ une recherche de Maxime Rovere, \u00c9dition Flammarion 2017.","publisher":{"@id":"https:\/\/leclanspinoza.fr\/social\/#\/schema\/person\/3fdda1c074eb77c2ae0d6ed29fb3ce5e"},"potentialAction":[{"@type":"SearchAction","target":{"@type":"EntryPoint","urlTemplate":"https:\/\/leclanspinoza.fr\/social\/?s={search_term_string}"},"query-input":{"@type":"PropertyValueSpecification","valueRequired":true,"valueName":"search_term_string"}}],"inLanguage":"fr-FR"},{"@type":["Person","Organization"],"@id":"https:\/\/leclanspinoza.fr\/social\/#\/schema\/person\/3fdda1c074eb77c2ae0d6ed29fb3ce5e","name":"Maxime Rovere","image":{"@type":"ImageObject","inLanguage":"fr-FR","@id":"https:\/\/leclanspinoza.fr\/social\/#\/schema\/person\/image\/","url":"https:\/\/leclanspinoza.fr\/social\/wp-content\/uploads\/2024\/06\/logoCS-1.jpg","contentUrl":"https:\/\/leclanspinoza.fr\/social\/wp-content\/uploads\/2024\/06\/logoCS-1.jpg","width":847,"height":564,"caption":"Maxime Rovere"},"logo":{"@id":"https:\/\/leclanspinoza.fr\/social\/#\/schema\/person\/image\/"}},{"@type":"Person","@id":"https:\/\/leclanspinoza.fr\/social\/#\/schema\/person\/7d0ba1221428d09be393d8958e29bae9","name":"admin","image":{"@type":"ImageObject","inLanguage":"fr-FR","@id":"https:\/\/leclanspinoza.fr\/social\/#\/schema\/person\/image\/","url":"https:\/\/secure.gravatar.com\/avatar\/42ae4c8f2cb9595842580d6a5eba6566431e0936c4d08075ec8915f6346df0e5?s=96&d=mm&r=g","contentUrl":"https:\/\/secure.gravatar.com\/avatar\/42ae4c8f2cb9595842580d6a5eba6566431e0936c4d08075ec8915f6346df0e5?s=96&d=mm&r=g","caption":"admin"}}]}},"_links":{"self":[{"href":"https:\/\/leclanspinoza.fr\/social\/wp-json\/wp\/v2\/posts\/452","targetHints":{"allow":["GET"]}}],"collection":[{"href":"https:\/\/leclanspinoza.fr\/social\/wp-json\/wp\/v2\/posts"}],"about":[{"href":"https:\/\/leclanspinoza.fr\/social\/wp-json\/wp\/v2\/types\/post"}],"author":[{"embeddable":true,"href":"https:\/\/leclanspinoza.fr\/social\/wp-json\/wp\/v2\/users\/1"}],"replies":[{"embeddable":true,"href":"https:\/\/leclanspinoza.fr\/social\/wp-json\/wp\/v2\/comments?post=452"}],"version-history":[{"count":6,"href":"https:\/\/leclanspinoza.fr\/social\/wp-json\/wp\/v2\/posts\/452\/revisions"}],"predecessor-version":[{"id":638,"href":"https:\/\/leclanspinoza.fr\/social\/wp-json\/wp\/v2\/posts\/452\/revisions\/638"}],"wp:featuredmedia":[{"embeddable":true,"href":"https:\/\/leclanspinoza.fr\/social\/wp-json\/wp\/v2\/media\/611"}],"wp:attachment":[{"href":"https:\/\/leclanspinoza.fr\/social\/wp-json\/wp\/v2\/media?parent=452"}],"wp:term":[{"taxonomy":"category","embeddable":true,"href":"https:\/\/leclanspinoza.fr\/social\/wp-json\/wp\/v2\/categories?post=452"},{"taxonomy":"post_tag","embeddable":true,"href":"https:\/\/leclanspinoza.fr\/social\/wp-json\/wp\/v2\/tags?post=452"}],"curies":[{"name":"wp","href":"https:\/\/api.w.org\/{rel}","templated":true}]}}