{"id":397,"date":"2017-07-03T14:55:11","date_gmt":"2017-07-03T12:55:11","guid":{"rendered":"http:\/\/www.leclanspinoza.com\/social\/?p=397"},"modified":"2020-02-10T10:57:02","modified_gmt":"2020-02-10T09:57:02","slug":"judaismes-et-christianismes","status":"publish","type":"post","link":"https:\/\/leclanspinoza.fr\/social\/judaismes-et-christianismes\/","title":{"rendered":"Juda\u00efsmes et christianismes"},"content":{"rendered":"<p><span id=\"ANONYMELFD\" class=\"ancres\"><\/span><br \/>\n<b>ANONYME, 2015. <\/b> <em>Les Fioretti de saint Fran\u00e7ois. Et autres textes de la tradition franciscaine<\/em>, A. Masseron (ed. et trad.), Paris, Points.<br \/>\n<span id=\"ANONYMETHE\" class=\"ancres\"><\/span><br \/>\n<b>ANONYME, 1981.<\/b> <em>Theophrastus redivivus<\/em>, G. Canziani et G. Paganini (eds.), 2 vols., Florence.<br \/>\n<span id=\"ABOABFSL\" class=\"ancres\"><\/span><br \/>\n<b>ABOAB, Denis, 2005. <\/b> <em> Fleurs s\u00e9farades, la saga des Aboab <\/em>, Paris, Maisonneuve et Larose.<br \/>\n<span id=\"ABOABZAL\" class=\"ancres\"><\/span><br \/>\n<b>ABOAB, Isaac da Fonseca, 1656. <\/b> \u00ab\u00a0Zecher Asiti Lenifla&rsquo;oth El. Reminded was I of God&rsquo;s Miracles\u00a0\u00bb, <em>Jews in the Americas, 1621 \u2013 1826<\/em>, M. Hoberman et L. A. Leibman (eds.), New York, Routledge.<br \/>\n<span id=\"ABOABNIS\" class=\"ancres\"><\/span><br \/>\n<b>ABOAB, Isaac da Fonseca, 1636.<\/b> <em>Nishmat Hayyim<\/em>, Amsterdam.<br \/>\n<span id=\"ABRAVANELTPO\" class=\"ancres\"><\/span><br \/>\n<b>ABRAVANEL, Judah [EBREO, Leone], 1937.<\/b> <em>The Philosophy of Love [Dialogi d\u2019amore] <\/em>, F. Friedeberg-Seeley et J. H. Barnes (trad.), Londres, Soncino Press.<br \/>\n<span id=\"ALBIACLSV\" class=\"ancres\"><\/span><br \/>\n<b>ALBIAC, Gabriel, 1994a.<\/b> <em>La synagogue vide. Les sources marranes du spinozisme (Pratiques th\u00e9oriques)<\/em>, M.-L. Copete et J.-F. Schaub (trad.), Paris, PUF.<br \/>\n<span id=\"ALBIACEES\" class=\"ancres\"><\/span><br \/>\n<b>ALBIAC, Gabriel, 1994b.<\/b> \u00ab\u00a0Epicurisme et sadduc\u00e9isme dans la communaut\u00e9 s\u00e9pharade d&rsquo;Amsterdam\u00a0\u00bb, <em>Archives de Philosophie<\/em>, vol. LVII, p. 503 \u2013 512.<br \/>\n<span id=\"ALTMANEOP\" class=\"ancres\"><\/span><br \/>\n<b>ALTMAN, Alexander, 1972. <\/b> \u00ab\u00a0Eternality of Punishment. A Theological Controversy within the Amsterdam Rabbinate in the Thirties of the Seventeenth Century\u00bb, <em>Proceedings of the American Academy for Jewish Research<\/em>, vol. XL, p. 1 \u2013 88.<br \/>\n<span id=\"ALVARESHBH\" class=\"ancres\"><\/span><br \/>\n<b>ALVARES VEGA, L., 1975.<\/b> <em>Het Beth Haim van Ouderkerk&#8230; Images of a Portuguese Jewish Cemetery in Holland<\/em>, Assen\/Amsterdam.<br \/>\n<span id=\"ARMOGATHETCL\" class=\"ancres\"><\/span><br \/>\n<b>ARMOGATHE, Jean Robert, 1977.<\/b> <em>Theologia cartesiana. L&rsquo;explication physique de l&rsquo;Eucharistie chez Descartes et dom Desgabets<\/em>, La Haye, Martinus Nijhoff.<br \/>\n<span id=\"ATTIASPLJ\" class=\"ancres\"><\/span><br \/>\n<b>ATTIAS, Jean-Christophe, 2009.<\/b> <em>Penser le juda\u00efsme<\/em>, Paris, CNRS Editions, p. 279 \u2013 280.<br \/>\n<span id=\"AURELIOUDC\" class=\"ancres\"><\/span><br \/>\n<b>AUR\u00c9LIO, D. P., 1985.<\/b> \u00ab\u00a0Uriel da Costa. O discurso da vit\u00edma\u00a0\u00bb, <em>An\u00e1lise<\/em>, vol. 2, n. 1, Lisbonne, p. 5 \u2013 33.<br \/>\n<span id=\"BALLINGTLU\" class=\"ancres\"><\/span><br \/>\n<b> BALLING, Pieter, 1992 [1662]. <\/b> <em>The Light upon the Candlestick<\/em>, Benjamin Furley (trad.), Robert Wilson, Londres, QUF (r\u00e9impression).<br \/>\n<span id=\"BALLINGHLO\" class=\"ancres\"><\/span><br \/>\n<b> BALLING, Pieter, 1662. <\/b> <em>Het Licht op den Kandelaar. Dienende tot opmerkinge der voornaemste dingen; in het boekje genaamt De verborgentheden van het rijke Ghodts, etc. tegens Galenus Abrahamsz&#8230;<\/em>, Amsterdam.<br \/>\n<span id=\"BARNAISSA\" class=\"ancres\"><\/span><br \/>\n<b>BARNAI, J., 2001. <\/b> \u00ab\u00a0Some social aspects of the polemics between Sabbatians and their opponents\u00a0\u00bb, <em>Millenarianism and Messianism in Early Modern European Culture<\/em>, J. C. Laursen et R. H. Popkin (eds.), vol. IV.<br \/>\n<span id=\"BARRIOSFDA\" class=\"ancres\"><\/span><br \/>\n<b>BARRIOS, Miguel de, 2005. <\/b> <em>Flor de Apolo<\/em>, F. J. Sedeno Rodriguez (ed.), Edition Reichenberger, Kassel.<br \/>\n<span id=\"BARZILAYYSD\" class=\"ancres\"><\/span><br \/>\n<b>BARZILAY, I. E., 1974.<\/b> <em>Yoseph Shlomo Delmedigo (Yashar of Candia). His Life, Works and Times<\/em>, Leyde, E. J. Brill.<br \/>\n<span id=\"BEDJAILLS\" class=\"ancres\"><\/span><br \/>\n<b> BEDJA\u00cf, Marc, 1984. <\/b> <em>\u00ab\u00a0La lumi\u00e8re sur le cand\u00e9labre\u00a0\u00bb (1662) de Pierre Balling. Fragment d\u2019un enseignement spinoziste et \u00ab\u00a0Inedita Spinozana\u00a0\u00bb<\/em>, Paris, M. Bedja\u00ef.<br \/>\n<span id=\"BENISRAELLPG\" class=\"ancres\"><\/span><br \/>\n<b> BEN ISRAEL, Menasseh, 2007. <\/b> <em>La pierre glorieuse de Nabuchodonosor ou La fin de l&rsquo;histoire au XVIIe si\u00e8cle<\/em>, H. Knafou (trad.), Paris, Vrin.<br \/>\n<span id=\"BENISRAELCMB\" class=\"ancres\"><\/span><br \/>\n<b> BEN ISRAEL, Menasseh, 1999.<\/b> <em>Collection Menasseh Ben Israel<\/em>, Ootjers Gr\u00e9 (ed.), Boy de Haas (trad.), Universiteitsbibliotheek Amsterdam. Bibl. Rosenthaliana. Disponible <a href=\"http:\/\/cf.uba.uva.nl\/en\/collections\/rosenthaliana\/menasseh\/\" target=\"_blank\">ici<\/a>.<br \/>\n<span id=\"BENISRAELTHO\" class=\"ancres\"><\/span><br \/>\n<b>BEN ISRAEL, Menasseh, 1987 [1652].<\/b> <em>The Hope of Israel<\/em>, H. M\u00e9choulan et G. Nahon (ed.), Oxford, Oxford University Press.<br \/>\n<span id=\"BENISRAELLED\" class=\"ancres\"><\/span><br \/>\n<b>BEN ISRAEL, Menasseh, 1979 [1652].<\/b> <em>L\u2019esp\u00e9rance d\u2019Isra\u00ebl<\/em>, H. M\u00e9choulan et G. Nahon (ed.), Paris, Vrin.<br \/>\n<span id=\"BENISRAELMBI\" class=\"ancres\"><\/span><br \/>\n<b>BEN ISRAEL, Menasseh, 1901. <\/b> <em>Menasseh ben Israel&rsquo;s mission to Oliver Cromwell<\/em>, L. Wolf (ed.), Londres, Macmillan and Co.<br \/>\n<span id=\"BENISRAELTCO\" class=\"ancres\"><\/span><br \/>\n<b>BEN ISRAEL, Menasseh, 1842 [1632].<\/b> <em>The Conciliator of R. Manasseh Ben Israel. A Reconcilement of the Apparent Contradictions in Holy Scripture. To Which Are Added Explanatory Notes, and Biographical Notices of the Quoted Authorities<\/em>, E. H. Lindo (trad.). London.<br \/>\n<span id=\"BENISRAELPGO\" class=\"ancres\"><\/span><br \/>\n<b> BEN ISRAEL, Menasseh, 1655.<\/b> <em>Piedra gloriosa o de la Estatua de Nebuchadnesar<\/em>, Amsterdam, 5415, Bib Ros 20C14.<br \/>\n<span id=\"BENISRAELEDI\" class=\"ancres\"><\/span><br \/>\n<b> BEN ISRAEL, Menasseh, 1650.<\/b> <em>Esperan\u00e7a de Israel<\/em>, Amsterdam.<br \/>\n<span id=\"BENISRAELDLF\" class=\"ancres\"><\/span><br \/>\n<b> BEN ISRAEL, Menasseh, 1642.<\/b> <em>De la fragilidad humana y inclinacion del hombre al pecado<\/em>, Amsterdam.<br \/>\n<span id=\"BENISRAELDTV\" class=\"ancres\"><\/span><br \/>\n<b> BEN ISRAEL, Menasseh, 1639.<\/b> <em>De termino vitae libri tres<\/em>, Amsterdam, Typis et sumptibus authoris (Bib. Ros. 19E5).<br \/>\n<span id=\"BENISRAELDLR\" class=\"ancres\"><\/span><br \/>\n<b> BEN ISRAEL, Menasseh, 1636a.<\/b> <em>De la resurrecci\u00f3n de los muertos<\/em>, Libros III, Amsterdam.<br \/>\n<span id=\"BENISRAELDRM\" class=\"ancres\"><\/span><br \/>\n<b> BEN ISRAEL, Menasseh, 1636b.<\/b> <em>De resurrectione mortuorum libri I-III [&#8230;]<\/em>, Amsterdam, Typis et sumptibus authoris (Bib. Ros. 20C12).<br \/>\n<span id=\"BLOOMTEA\" class=\"ancres\"><\/span><br \/>\n<b>BLOOM, Herbert Ivan, 1937. <\/b> <em>The Economic Activities of the Jews of Amsterdam in the Seventeenth and Eighteenth Centuries<\/em>, Williamsport, Bayard Press.<br \/>\n<span id=\"BODIANLJP\" class=\"ancres\"><\/span><br \/>\n<b> BODIAN, Miriam, 2004.<\/b> \u00ab\u00a0Les juifs portugais d&rsquo;Amsterdam et la question identitaire\u00a0\u00bb, <em>Arquivos do Centro Cultural Calouste Gulbenkian<\/em>, n. 48, p. 103 \u2013 116.<br \/>\n<span id=\"BODIANHOT\" class=\"ancres\"><\/span><br \/>\n<b> BODIAN, Miriam, 1997. <\/b> <em>Hebrews of the Portuguese nation. Conversos and Community in Early Modern Amsterdam<\/em>, Bloomington\/Indianapolis, Indiana University Press.<br \/>\n<span id=\"BODIANAVA\" class=\"ancres\"><\/span><br \/>\n<b> BODIAN, Miriam, 1989. <\/b>\u00ab Amsterdam, Venice and the Marrano Diaspora in the Seventeenth Century \u00bb, <em>Dutch Jewish History<\/em>, vol. II, p. 47 \u2013 66.<br \/>\n<span id=\"BODIANTSC\" class=\"ancres\"><\/span><br \/>\n<b>BODIAN, Miriam, 1988.<\/b> <em>\u00ab The Santa Companhia de dotar orfans e donzelas pobres \u00bb in Amsterdam, 1615 \u2013 1630<\/em>, Hebrew University.<br \/>\n<span id=\"BODIANTPD\" class=\"ancres\"><\/span><br \/>\n<b>BODIAN, Miriam, 1987.<\/b> \u00ab The Portuguese Dowry Societies in Venice and Amsterdam \u00bb, <em>Italia<\/em>, vol. VI, p. 30 \u2013 61.<br \/>\n<span id=\"BOERWUD\" class=\"ancres\"><\/span><br \/>\n<b> BOER, Harm den, 1989. <\/b>\u00ab Was Uriel da Costa\u2019s \u2018Exame\u2019 seized by the Spanish Inquisition ?, The Spanish Index Librorum Prohibitorum as a Bibliographical Source \u00bb, <em>Studia Rosenthaliana<\/em>, vol. XXIII, p. 3 \u2013 7.<br \/>\n<span id=\"BOERHDN\" class=\"ancres\"><\/span><br \/>\n<b> BOER, Harm den et SALOMON, Herman Prins, 1994. <\/b>\u00ab Haham David Nunes Torres (1660 \u2013 1728) bezitter van het enig overgebleven exemplaar van Uri\u00ebl da Costa\u2019s Exame das tradi\u00e7\u00f5es fariseas \u00bb , <em>Studia Rosenthaliana<\/em>, vol. XXVIII, p. 10 \u2013 98.<br \/>\n<span id=\"BRENIUSOTQ\" class=\"ancres\"><\/span><br \/>\n<b>BRENIUS [DE BREEN], Daniel, 1666.<\/b> <em>Opera Theologica. Quorum Catalogum versa Pagina post Commonitionem de tractatu D. Brenii, Operum Episcopii scundae parti inserto, exhibet.<\/em> Amstelaedami.<br \/>\n<span id=\"BURONCDM\" class=\"ancres\"><\/span><br \/>\n<b>B\u00daRON, C., 1942.<\/b> \u00ab\u00a0Causalidad de Mar\u00eda en nuestra predestinaci\u00f3n seg\u00fan el P. Bartolom\u00e9 de los Ri\u00f3s\u00a0\u00bb, <em>Estudios Marianos<\/em>, n 1, p. 287 \u2013 324.<br \/>\n<span id=\"BUYSSOR\" class=\"ancres\"><\/span><br \/>\n<b>BUYS, Ruben, 2015.<\/b> <em>Sparks of Reason. Vernacular Rationalism in the Low Countries, 1550 \u2013 1670<\/em>, Hilversum, Verloren Publishers.<br \/>\n<span id=\"BUYSWTS\" class=\"ancres\"><\/span><br \/>\n<b>BUYS, Ruben, 2013.<\/b> \u00ab\u00a0Without thy self, O man, thou hst no means to look for, by which thou maist know God. Pieter Balling, the Radical Englishtenment, and the Lagacy of Dirck Volckertsz Coornhert\u00a0\u00bb, <em>Church History and Religious Culture<\/em>, vol. 93, n. 3, p. 363 \u2013 383.<br \/>\n<span id=\"CALVINIDL\" class=\"ancres\"><\/span><br \/>\n<b>CALVIN, Jean, 1961 [1541].<\/b> <em>Institution de la religion chrestienne<\/em>, J. Pannier (ed.), 4 vol., Paris, Les Belles Lettres.<br \/>\n<span id=\"CAPPTFM\" class=\"ancres\"><\/span><br \/>\n<b>CAPP, Bernaro S., 1972.<\/b> <em>The Fifth Monarchy Men. A Study in Seventeenth-Century Millenarianism<\/em>, Londres, Faber.<br \/>\n<span id=\"CARLEBACHIWD\" class=\"ancres\"><\/span><br \/>\n<b>CARLEBACH, E., 2004.<\/b> \u00ab\u00a0&lsquo;Ich will dich nach Holland schicken&#8230;&rsquo; Amsterdam and the reversion to Judaism of German-Jewish Converts\u00a0\u00bb, <em>Secret conversions to Judaism in early modern Europe<\/em>, M. Mulsow et R. Popkin (eds.), Leyde, Brill, p. 51 \u2013 70.<br \/>\n<span id=\"CAROLJE\" class=\"ancres\"><\/span><br \/>\n<b>CARO BAROJA, Julio, 1978.<\/b> \u00ab\u00a0Los jud\u00edos en los Pa\u00edses Bajos y Uriel da Costa, Prado y Espinosa\u00a0\u00bb, <em>Los jud\u00edos en la Espa\u00f1a moderna y contempor\u00e1nea<\/em>, vol. I, Madrid, Istmo, p. 276 \u2013 283.<br \/>\n<span id=\"CARVALHOOEO\" class=\"ancres\"><\/span><br \/>\n<b>CARVALHO, Joaquim de, 1937.<\/b> <em>Or\u00f3bio e o Espinosismo<\/em>, Lisbonne, Academia das Ci\u00eancias.<br \/>\n<span id=\"CASTELLIONCLL\" class=\"ancres\"><\/span><br \/>\n<b>CASTELLION, S\u00e9bastien, 1998 [1555]. <\/b> <em>Contre le libelle de Calvin apr\u00e8s la mort de Michel Servet<\/em>, Etienne Barilier (trad.), Carouge, Zo\u00e9.<br \/>\n<span id=\"CASTELLIONVGG\" class=\"ancres\"><\/span><br \/>\n<b>CASTELLION, S\u00e9bastien, 1582.<\/b> <em>Vande gehoorsaemheyt.\/Gheschreven int Latijn door Sebastiaen Castalio, ende vertaelt in Nederlantsch door D. V. Coornhert<\/em>, Utrecht, Coenraet Hendricksz.<br \/>\n<span id=\"CAVIGNACABE\" class=\"ancres\"><\/span><br \/>\n<b>CAVIGNAC, J., 1996.<\/b> \u00ab\u00a0A Bordeaux et Bayonne. Des &lsquo;marchands portugais&rsquo; aux citoyens fran\u00e7ais\u00a0\u00bb, <em>M\u00e9moires Juives d&rsquo;Espagne et du Portugal<\/em>, E. Benbassa (ed.), Publisud, p. 53 \u2013 72.<br \/>\n<span id=\"CEYSSENSLEO\" class=\"ancres\"><\/span><br \/>\n<b>CEYSSENS, L., 1950.<\/b> \u00ab\u00a0L\u2019enqu\u00eate officielle faite en 1644 dans les dioc\u00e8ses des Pay-Bas sur le scandale caus\u00e9 par l\u2019Augustinus de Corneille Jans\u00e9nius\u00a0\u00bb, <em>Archivum Franciscanum historicum<\/em>, n. 43, p. 68 \u2013 160.<br \/>\n<span id=\"COELHOAID\" class=\"ancres\"><\/span><br \/>\n<b>COELHO, Ant\u00f3nio Borges, 1987.<\/b> <em>A Inquisi\u00e7\u00e3o de \u00c9vora. Dos Prim\u00f3rdios a 1668<\/em>, Porto, Editorial Caminho.<br \/>\n<span id=\"COHENLMR\" class=\"ancres\"><\/span><br \/>\n<b>COHEN, M. R., 1972.<\/b> \u00ab\u00a0Leone Modena Riti&rsquo;s. A seventeenth-century plea for social toleration of Jew\u00a0\u00bb, <em>Jewish Social Studies<\/em>, vol. XXXVII, p. 287 \u2013 319.<br \/>\n<span id=\"COLIELAE\" class=\"ancres\"><\/span><br \/>\n<b>COLIE, Rosalie L., 1957.<\/b> <em>Light and Enlightenment. A Study of the Cambridge Platonists and the Dutch Arminians<\/em>, Cambridge, Cambridge University Press.<br \/>\n<span id=\"COMENIUSJDP\" class=\"ancres\"><\/span><br \/>\n<b>COMENIUS, Johannes [Jan Komensky], 1667.<\/b> <em>Judicium de P. Serarii [sic] Responsione ad Exercitationem Paradoxam Anonymi Cujusdam, in Petrus Serrarius, Responsio ad exercitationem paradoxam anonymi cujusdam, Cartesianae sectae discipuli, qua philosophiam pro infallibili S. Literas interpretandi norma orbi Christiano obtrudit, non aliter ac olim Israelitae in deserto de conflato sibi aureo vitulo exclamantes<\/em>, Amsterdam, Typis Christophori Cunradi, r\u00e9impression dans <em>Opera Omnia<\/em>, vol. 18, Johannis Amos Comenii (aut.), Prague, Academia, 1974, p. 61 \u2013 82.<br \/>\n<span id=\"CORSANOIME\" class=\"ancres\"><\/span><br \/>\n<b>CORSANO, A., 1972.<\/b> \u00ab\u00a0Il Magalotti e l&rsquo;ateismo\u00a0\u00bb, <em>Giornale critico della filosofia italiana<\/em>, p. 241 \u2013 262.<br \/>\n<span id=\"COUDERTTKD\" class=\"ancres\"><\/span><br \/>\n<b>COUDERT, Allison P., 1994.<\/b> \u00ab\u00a0The Kabbala Denudata. Converting Jews or Seducing Christians\u00a0\u00bb, <em>Jewish Christians and Christian Jews from the Renaissance to the Enlightenment<\/em>, R. H. Popkin (ed.), Kluwer Academic Publishers, Dordrecht\/Boston\/Londres, p. 73 \u2013 96.<br \/>\n<span id=\"DACOSTAEDT\" class=\"ancres\"><\/span><br \/>\n<b> DA COSTA, Uriel, 1995.<\/b> <em>Exame das tradi\u00e7\u00f5es farisaicas<\/em>, avec <em>Tratado da Imortalidade da alma<\/em> de Semuel da Silva, H. P. Salomon et I. S. D. Sasson (ed.), Braga, Edi\u00e7\u00f5es APPACDM Distrial de Braga, p. 455 \u2013 572.<br \/>\n<span id=\"DACOSTAEHV\" class=\"ancres\"><\/span><br \/>\n<b> DA COSTA, Uriel, 1982.<\/b> <em>Exemplar humanae vitae<\/em>, E. da Silva Dias (trad.), <em>Tratado da imortalidade da alma<\/em>, S. da Silva (ed.), Lisbonne, Imprensa Nacional-Casa da Moeda.<br \/>\n<span id=\"DACOSTAIDU\" class=\"ancres\"><\/span><br \/>\n<b> DA COSTA, Uriel, 1640.<\/b> <em>Images d\u2019une vie humaine [Exemplar humanae vitae]<\/em>, A. B. Duff et P. Kaan (trad.), D. Bensa\u00efd (ed.), Castelnau-le-Lez, Editions Climats, 2002.<br \/>\n<span id=\"DACOSTAETP\" class=\"ancres\"><\/span><br \/>\n<b> DA COSTA, Uriel, 1624.<\/b> \u00ab Examination of Pharisaic Traditions \u00bb, <em>Examination of Pharisaic Traditions. Exame das tradi\u00e7\u00f5es phariseas. Facsimile of the unique copy in the Royal Library of Copenhagen<\/em>, H. P. Salomon et I. S. D. Sassoon (trad.), Leyde, E. J. Brill, 1993, p. 51 \u2013 266.<br \/>\n<span id=\"DACOSTAPCA\" class=\"ancres\"><\/span><br \/>\n<b> DA COSTA, Uriel, 1616.<\/b> <em>Propostas contra a tradi\u00e7\u00e3o<\/em>. Une version abr\u00e9g\u00e9e a \u00e9t\u00e9 pr\u00e9par\u00e9e par Moses Raphael de Aguilar en 1639 et publi\u00e9e par Carl Gebhardt dans <em>Die Schriften des Uriel da Costa<\/em>, Curis Societatis Spinozanae:<br \/>\nAmsterdam, Heidelberg, Londres, 1922, p. 22 \u2013 26<br \/>\n<span id=\"DAGUILARTDI\" class=\"ancres\"><\/span><br \/>\n<b>D\u2019AGUILAR, Mois\u00e9s Rafael, 1982.<\/b> \u00ab\u00a0Tratado da imortalidade da alma\u00a0\u00bb, <em>Tratado da imortalidade da alma<\/em>, S. da Silva (ed.), Lisbonne, p. 249 \u2013 264.<br \/>\n<span id=\"DAGUILARRAC\" class=\"ancres\"><\/span><br \/>\n<b>D\u2019AGUILAR, Mois\u00e9s Rafael, 1639.<\/b> \u00ab Resposta a certas propostas contra a tradi\u00e7\u00e3o \u00bb , <em>Catalogue of the manuscripts of Ets Haim, Livraria Montezinos, Sephardic Community of Amsterdam<\/em>, vol. II, L. Fuks et R. G. Fuks-Mansfeld (ed.), Leyde, Brill.<br \/>\n<span id=\"DAGUILARSAI\" class=\"ancres\"><\/span><br \/>\n<b>D\u2019AGUILAR, Mois\u00e9s Rafael, 1634.<\/b> <em>Sobre a imortalidade da alma<\/em>, M. de Jong (ed.), <em>Biblos<\/em>, n. 10, Coimbra.<br \/>\n<span id=\"DANCONADMB\" class=\"ancres\"><\/span><br \/>\n<b>D&rsquo;ANCONA, Joseph, 1940.<\/b> \u00ab\u00a0Delmedigo, Menasseh Ben Israel en Spinoza\u00a0\u00bb, <em>Bijdragen en mededelingen van het Genootschap voor de Joodse Wetenschap in Nederland<\/em>, vol. VII, p. 105 \u2013 152.<br \/>\n<span id=\"DEBAARTGC\" class=\"ancres\"><\/span><br \/>\n<b>DE BAAR, M., 1994.<\/b> \u00ab\u00a0Transgressing gender codes. Anna Maria van Schurman and Antoinette Bourignon as contrasting examples\u00a0\u00bb, <em>Women of the Golden Age<\/em>, E. Kloek, N. Teeuwen et M. Huisman (eds.), Hilversum, Verloren, p. 143 \u2013 152.<br \/>\n<span id=\"DEBARRIOSTDG\" class=\"ancres\"><\/span><br \/>\n<b> DE BARRIOS, Daniel Levi, 1683.<\/b> <em>Triumpho del Govierno Popular y de la antiguedad Holandesa<\/em>, Amsterdam.<br \/>\n<span id=\"DIOGOUDC\" class=\"ancres\"><\/span><br \/>\n<b>DIOGO PIRES, Aur\u00e9lio, 1985.<\/b> \u00ab\u00a0Uriel da Costa. O discurso da vitima\u00a0\u00bb, <em>Analise<\/em>, vol. III, p. 5 \u2013 33.<br \/>\n<span id=\"EMANUELSCB\" class=\"ancres\"><\/span><br \/>\n<b>EMANUEL, Isaac S., 1962.<\/b> \u00ab\u00a0Seventeenth-century Brazilian Jewry. A critical review\u00a0\u00bb, <em>American Jewish Archives<\/em>, p. 32 \u2013 68.<br \/>\n<span id=\"FARRELLTJR\" class=\"ancres\"><\/span><br \/>\n<b>FARRELL, Allan P. (trad.), 1970.<\/b> <em>The Jesuit Ratio Studiorum of 1599<\/em>, S. J. University of Detroit.<br \/>\n<span id=\"FARRELLTJC\" class=\"ancres\"><\/span><br \/>\n<b>FARRELL, Allan P., 1938.<\/b> <em>The Jesuit Code of Liberal Education. Development and Scope of the \u00ab Ratio Studiorum \u00bb<\/em>, Milwaukee, Bruce Publishing Co.<br \/>\n<span id=\"FEILCHENFELDAUB\" class=\"ancres\"><\/span><br \/>\n<b>FEILCHENFELD, Alfred, 1899. <\/b>\u00ab Anfang und Bl\u00fctezeit der Portugiesen-Gemeinde in Hamburg \u00bb, <em>Zeitschrift f\u00fcr Hamburgische Geschichte<\/em>, vol. IX, p. 199 \u2013 240.<br \/>\n<span id=\"FISHERFGA\" class=\"ancres\"><\/span><br \/>\n<b>FISHER, Benjamin, 2014.<\/b> \u00ab\u00a0For God and Country. Jewish Identity and the State in Seventeenth-Century Amsterdam\u00a0\u00bb, <em>Jewish Culture in Early Modern Europe<\/em>, R. I. Cohen, N. B. Dohrmann, A. Shear et E. Reiner (eds.), Pittsburg\/Cincinnatti, Hebrew Union College Press, University of Pittsburg Press.<br \/>\n<span id=\"FIXPAR\" class=\"ancres\"><\/span><br \/>\n<b>FIX, Andrew Cooper, 2014. <\/b> <em>Prophecy and Reason. The Dutch Collegiants in the Early Enlightenment <\/em>, New Jersey, Princeton University Press.<br \/>\n<span id=\"FIXFAB\" class=\"ancres\"><\/span><br \/>\n<b>FIX, Andrew Cooper, 1999. <\/b> <em>Fallen Angels. Balthasar Bekker and the Spirit Controversy in Seventeenth-Century Holland<\/em>, Springer Science+Business Media Dordrecht.<br \/>\n<span id=\"FIXADA\" class=\"ancres\"><\/span><br \/>\n<b>FIX, Andrew Cooper, 1989. <\/b> \u00ab\u00a0Angels, Devils and Evil Spirits in Seventeenth-Century Thought. Balthasar Bekker and the Collegiants\u00a0\u00bb, <em>JHI<\/em>, n. 1, p. 527 \u2013 547.<br \/>\n<span id=\"FLAVIUSANT\" class=\"ancres\"><\/span><br \/>\n<b>FLAVIUS JOSEPHE, 2010.<\/b> <em>Les Antiquit\u00e9s juives<\/em>, tome V, livres X et XI, Paris, Cerf.<br \/>\n<span id=\"FLAVIUSJOSEPHE\" class=\"ancres\"><\/span><br \/>\n<b>FLAVIUS JOSEPHE, 1977.<\/b> <em>La Guerre des Juifs<\/em>, P. Savinel (trad.), Paris, Gallimard.<br \/>\n<span id=\"FRIJHOFFEBT\" class=\"ancres\"><\/span><br \/>\n<b> FRIJHOFF, Willem, 2002. <\/b> <em>Embodied Belief. Ten Essays on Religious Culture in Dutch History<\/em>, Hilversum, Uitgeverji Verloren.<br \/>\n<span id=\"FLOREZLCM\" class=\"ancres\"><\/span><br \/>\n<b>FL\u00d3REZ, S. Folgado, 1963.<\/b> \u00ab\u00a0La corredenci\u00f3n mariana en Bartolom\u00e9 de los Ri\u00f3s\u00a0\u00bb, <em>Estudios Marianos<\/em>, n. 24, p. 67 \u2013 88.<br \/>\n<span id=\"FRANCOMDE\" class=\"ancres\"><\/span><br \/>\n<b>FRANCO MENDES, David, 1975.<\/b> <em>Memorias do estabelecimento e progresso dos Judeos portuguezes e espanhoes nesta famosa citade de Amsterdam<\/em>, Assen\/Amsterdam, Van Gorcum.<br \/>\n<span id=\"FUKSHTI\" class=\"ancres\"><\/span><br \/>\n<b> FUKS, Lajb et FUKS-MANSFELD, Renate G., 1984. <\/b> <em>Hebrew typography in the Northern Netherlands, 1585 \u2013 1815<\/em>, vol. I, Leyde, Brill.<br \/>\n<span id=\"FUKSHAJ\" class=\"ancres\"><\/span><br \/>\n<b> FUKS, Lajb et FUKS-MANSFELD, Renate G. (eds.), 1973. <\/b> <em>Hebrew and Judaic Manuscripts in Amsterdam Public Collections<\/em>, vol. II, Amsterdam, Brill Archives.<br \/>\n<span id=\"GERMAINLDD\" class=\"ancres\"><\/span><br \/>\n<b>GERMAIN, Malbreil, 1985.<\/b> \u00ab\u00a0Les droits de la raison et de la foi, la dissociation de la raison, la m\u00e9tamorphose de la foi, selon P. D. Huet\u00a0\u00bb, <em>XVIIe si\u00e8cle<\/em>, n. 147, p. 119 \u2013 132.<br \/>\n<span id=\"GITLITZSAD\" class=\"ancres\"><\/span><br \/>\n<b>GITLITZ, David Martin, 2002.<\/b> <em>Secrecy and Deceit. The Religion of the Crypto-Jew<\/em>, Rhode Island, UNM Press.<br \/>\n<span id=\"GOLDBERGLND\" class=\"ancres\"><\/span><br \/>\n<b>GOLDBERG, Sylvie-Anne, 2004. <\/b>\u00ab La notion d\u2019autorit\u00e9 dans le juda\u00efsme rabbinique. De la norme \u00e0 l\u2019usage en passant par la Loi \u00bb, <em>Les transformations de l\u2019autorit\u00e9 religieuse<\/em>, M. Cohen, J. Joncheray et P.-J. Luizard (dir.), Paris, L\u2019Harmattan.<br \/>\n<span id=\"GOLDISHTAP\" class=\"ancres\"><\/span><br \/>\n<b>GOLDISH, M., 1989.<\/b> \u00ab\u00a0The Amsterdam Portuguese Rabbinate in the Seventeenth Century. A unique institution viewed from within and without\u00a0\u00bb, <em>Dutch Jewish History 2. Proceedings of the Symposium on the history of the Jews in the Netherlands<\/em>, J. Michman (ed.), Jerusalem, Hebrew University of Jerusalem, Institute for research on Dutch Jewry, 2. vols., vol. 2, p. 9 \u2013 19.<br \/>\n<span id=\"HAKERFIT\" class=\"ancres\"><\/span><br \/>\n<b> HAKER, Erol, 2000. <\/b> <em>From Istanbul to Jerusalem. The Itinerary of a Young Turkish Jew<\/em>, Istanbul, The Isis Press.<br \/>\n<span id=\"HEYDTJQ\" class=\"ancres\"><\/span><br \/>\n<b>HEYD, Michael, 2004. <\/b> \u00ab\u00a0The Jewish Quaker. Christian Perceptions of Sabbatai Zevi as an Enthusiast\u00a0\u00bb, <em>Hebraica Veritas ? Christian Hebraists and the Study of Judaism in Early Modern Europe <\/em>, A. P. Coudert et J. S. Shoulson (ed.), University of Pennsylvania Press.<br \/>\n<span id=\"HELVETIUSPTC\" class=\"ancres\"><\/span><br \/>\n<b>HELVETIUS, Johannes Fredericus, 1680.<\/b> <em>Philosophia theologica contra Cartesii et Spinosae theologiam philosophicam, ofte de ontmenschte mensch, levendig doodt, in de ontkerckte kerck [&#8230;]<\/em>, Amsterdam, gedruckt voor den autheur.<br \/>\n<span id=\"HELVETIUSVAQ\" class=\"ancres\"><\/span><br \/>\n<b>HELVETIUS, Johannes Fredericus, 1667.<\/b> <em>Vitulus Aureus, quem Mundus adorat et orat, In quo tractatur De Rarissimo Naturae Miraculo transmutandi Metalla, nempe quomodo Tota Plumbi Substantia vel intra momentum ex quavis minima Lapidis veri Philosophici particula in Aurum obryzum commutata fuerit Hagae Comitis<\/em>, Amsterdam, Apud Johannem Jansonium \u00e0 Waesberge et viduam Elizei Weyerstraet.<br \/>\n<span id=\"HILLTTC\" class=\"ancres\"><\/span><br \/>\n<b>HILL, Christopher, 1988.<\/b> \u00ab\u00a0Till the Conversion of the Jews\u00a0\u00bb, <em>Millenarianism and Messianism in English Literature and Thought 1650 \u2013 1800<\/em>, R. Popkin (ed.), Leyde\/NewYork\/Copenhague\/Cologne, E. J. Brill, p. 12 \u2013 36.<br \/>\n<span id=\"HOBERMANJIT\" class=\"ancres\"><\/span><br \/>\n<b>HOBERMAN, Michael et LEIBMAN, Laura A., 2014. <\/b> <em>Jews in the Americas, 1621 \u2013 1826<\/em>, New York, Routledge.<br \/>\n<span id=\"HSIACAR\" class=\"ancres\"><\/span><br \/>\n<b>HSIA, R. P. et VAN NIEROP, Henk F. K., 2002.<\/b> <em>Calvinism and Religious Toleration in the Dutch Golden Age<\/em>, Cambridge, Cambridge University Press.<br \/>\n<span id=\"HUETAQD\" class=\"ancres\"><\/span><br \/>\n<b>HUET, Pierre-Daniel, 1690a.<\/b> <em>Alnetanae quaestiones de concordia rationis et fidei<\/em>, Caen, PDN.<br \/>\n<span id=\"HUETDEM\" class=\"ancres\"><\/span><br \/>\n<b>HUET, Pierre-Daniel, 1690b.<\/b> <em>Demonstratio evangelica<\/em>, Paris, D. Horthemels.<br \/>\n<span id=\"HUUSSENTLP\" class=\"ancres\"><\/span><br \/>\n<b>HUUSSEN, Arend H. Jr. 1993. <\/b>\u00ab The Legal Position of Shephardi Jews in Holland, circa 1600 \u00bb, <em>Dutch Jewish History<\/em>, vol. III, J. Michman (ed.), Assen, Van Gorcum, p. 19 \u2013 41.<br \/>\n<span id=\"IFRAHLAD\" class=\"ancres\"><\/span><br \/>\n<b>IFRAH, Lionel, 2001.  <\/b> <em>L\u2019aigle d\u2019Amsterdam. Menasseh ben Isra\u00ebl (1604 \u2013 1657)<\/em>, Paris, Honor\u00e9 Champion.<br \/>\n<span id=\"ISRAELRTI\" class=\"ancres\"><\/span><br \/>\n<b>ISRAEL, Jonathan Irvine, 2007a.<\/b> \u00ab\u00a0Religious Toleration in Dutch Brazil (1624 \u2013 1654)\u00a0\u00bb, <em>The Expansion of Tolerance. Religion in Dutch Brazil (1624 \u2013 1654)<\/em>, J. I. Israel et S. B. Schwartz (eds.), Amsterdam, p. 13 \u2013 32.<br \/>\n<span id=\"ISRAELDSJ\" class=\"ancres\"><\/span><br \/>\n<b> ISRAEL, Jonathan Irvine, 1990a. <\/b>\u00ab Dutch Sephardi Jewry, Millenarian Politics, and the Struggle for Brazil (1640 \u2013 1654) \u00bb, <em>Sceptics, Millenarians, and Jews<\/em>, D. S. Katz et J. Israel (ed.), Leyde, E. J. Brill, p. 76 \u2013 97.<br \/>\n<span id=\"ISRAELEAE\" class=\"ancres\"><\/span><br \/>\n<b> ISRAEL, Jonathan Irvine, 1990b. <\/b> <em>Empires and Entrepots. The Dutch, The Spanish Monarchy and the Jews 1585 \u2013 1713<\/em>, Londres, The Hambledon Press.<br \/>\n<span id=\"ISRAELSII\" class=\"ancres\"><\/span><br \/>\n<b> ISRAEL, Jonathan Irvine, 1989. <\/b>\u00ab Sephardic Immigration into the Dutch Republic \u00bb, <em>Studia Rosenthaliana<\/em>, vol. XXIII, p. 45 \u2013 53.<br \/>\n<span id=\"ISRAELEJI\" class=\"ancres\"><\/span><br \/>\n<b>ISRAEL, Jonathan Irvine, 1985.<\/b> <em>European Jewry in the Age of Mercantilism, 1550 \u2013 1750<\/em>, Oxford, Oxford University Press.<br \/>\n<span id=\"ISRAELJND\" class=\"ancres\"><\/span><br \/>\n<b>ISRAEL, Jonathan Irvine, 1984a. <\/b>\u00ab Jer\u00f3nimo Nunes da Costa, agente of Portugal in the Dutch Republic \u00bb, <em>Studia Rosenthaliana<\/em>, vol. XVIII, p. 21 \u2013 40.<br \/>\n<span id=\"ISRAELTCR\" class=\"ancres\"><\/span><br \/>\n<b>ISRAEL, Jonathan Irvine, 1984b. <\/b>\u00ab The Changing Role of the Dutch Shephardim in International Trade, 1595 \u2013 1715 \u00bb, <em>Dutch Jewish History<\/em>, vol. I, J. Michman et T. Levie, J\u00e9rusalem, Tel Aviv University, p. 31 \u2013 51.<br \/>\n<span id=\"ISRAELTEC\" class=\"ancres\"><\/span><br \/>\n<b>ISRAEL, Jonathan Irvine, 1983. <\/b>\u00ab The Economic Contribution of Dutch Sephardic Jewry to Holland\u2019s Golden Age, 1595 \u2013 1713 \u00bb, <em>Tijdschrift Voor Geschiedenis<\/em>, n. 96, p. 505 \u2013 535.<br \/>\n<span id=\"ISRAELSAT\" class=\"ancres\"><\/span><br \/>\n<b>ISRAEL, Jonathan Irvine, 1978. <\/b>\u00ab Spain and the Dutch Sephardim, 1609 \u2013 1660 \u00bb, <em>Studia Rosenthaliana<\/em>, vol. XII, p. 1 \u2013 61.<br \/>\n<span id=\"ISRAELJAS\" class=\"ancres\"><\/span><br \/>\n<b>ISRAEL, Jonathan Irvine et KATZ, D. S. (eds.), 1989.<\/b> <em>Jews and Sceptics. Essays in Honour of R. Popkin<\/em>, Leyde, E. J. Brill.<br \/>\n<span id=\"ISRAELTEO\" class=\"ancres\"><\/span><br \/>\n<b>ISRAEL, Jonathan Irvine et SCHWARTZ, Stuart (eds.), 2007.<\/b> <em>The Expansion of Tolerance. Religion in Dutch Brazil (1624 \u2013 1654)<\/em>, Amsterdam, Amsterdam University Press.<br \/>\n<span id=\"JELLESZPDF\" class=\"ancres\"><\/span><br \/>\n<b>JELLESZ, Jarig, 1684a [2004].<\/b> <em>Professione della fede universale e cristiana, contenuta in una lettera a N. N. Belydenisse des algemeenen en christelyken Geloofs, vervattet in een Brief aan N. N.<\/em>, L. Spruit (ed. et trad.), Macerata, Quodlibet.<br \/>\n<span id=\"JELLESZBDA\" class=\"ancres\"><\/span><br \/>\n<b>JELLESZ, Jarig, 1684b.<\/b> <em>Belydenisse des algemeenen en Christelycken geloofs<\/em>, Amsterdam, AUB.<br \/>\n<span id=\"JELLESZVAS\" class=\"ancres\"><\/span><br \/>\n<b>JELLESZ, Jarig, 1677.<\/b> \u00ab\u00a0Voorreeden \u00e0 Spinoza\u00a0\u00bb, <em>Opera Postuma<\/em>, <em>LIAS<\/em>, n. 6, p. 110 \u2013 152.<br \/>\n<span id=\"KAPLANDBF\" class=\"ancres\"><\/span><br \/>\n<b>KAPLAN, Benjamin Jacob, 2007. <\/b> <em>Divided by faith. Religious Conflict and the Practice of Toleration in Early Modern Europe<\/em>, Cambridge\/London, The Belknap Press of Harvard University Press.<br \/>\n<span id=\"KAPLANCAL\" class=\"ancres\"><\/span><br \/>\n<b>KAPLAN, Benjamin Jacob, 1995.<\/b> <em>Calvinists and Libertines. Confession and Community in Utrecht, 1578 \u2013 1620<\/em>, Oxford, Clarendon Press.<br \/>\n<span id=\"KAPLANAAP\" class=\"ancres\"><\/span><br \/>\n<b>KAPLAN, Yosef, 2000. <\/b> <em> An Alternative Path to Modernity: The Sephardi Diaspora in Western Europe<\/em>, Leide, Brill.<br \/>\n<span id=\"KAPLANLNJ\" class=\"ancres\"><\/span><br \/>\n<b>KAPLAN, Yosef, 1999. <\/b> <em>Les nouveaux-juifs d&rsquo;Amsterdam. Essais sur l&rsquo;histoire sociale et intellectuelle du juda\u00efsme s\u00e9farade au XVIIe si\u00e8cle<\/em>, Paris, Chandeigne.<br \/>\n<span id=\"KAPLANTSD\" class=\"ancres\"><\/span><br \/>\n<b>KAPLAN, Yosef, 1997.<\/b> \u00ab The Self-Definition of the Sephardi Jews of Western Europe and Their Relation to the Alien and the Stranger \u00bb, <em>Crisis and Creativity in the Sephardi World<\/em>, R. B. Gampel (ed.), New York, Columbia university press, p. 121 \u2013 145.<br \/>\n<span id=\"KAPLANJNE\" class=\"ancres\"><\/span><br \/>\n<b>KAPLAN, Yosef, 1996<\/b> Judios nuevos en Amsterdam. Estudios sobre la historia social e intelectual del Judaismo sefard\u00ed en el siglo xvii, Barcelone, Gedisa.<br \/>\n<span id=\"KAPLANIOD\" class=\"ancres\"><\/span><br \/>\n<b>KAPLAN, Yosef, 1992a.<\/b> <em>Isaac Orobio de Castro et son temps (1617 \u2013 1687). Juif portugais d\u2019Espagne, de Toulouse et d\u2019Europe, Toulouse <\/em>[Exposition], Biblioth\u00e8que municipale de Toulouse, Forum des cadres juifs de France, Centre Ma\u00efmonide.<br \/>\n<span id=\"KAPLANLDJ\" class=\"ancres\"><\/span><br \/>\n<b>KAPLAN, Yosef, 1992b.<\/b> \u00ab\u00a0La Di\u00e1spora Judeo-Espa\u00f1ola-Portuguesa en el siglo XVII. Tradici\u00f3n, Cambio y Modernizaci\u00f3n\u00a0\u00bb, <em>Manuscrits<\/em>, n. 10, Enero, p. 77 \u2013 89.<br \/>\n<span id=\"KAPLANKIE\" class=\"ancres\"><\/span><br \/>\n<b>KAPLAN, Yosef, 1990. <\/b>\u00ab \u2018Karaites\u2019 in Early Eighteenth Century Amsterdam \u00bb, <em>Sceptics, Millenarians, and Jews<\/em>, D. S. Katz et J. Israel (ed.), Leyde, E. J. Brill, p. 196 \u2013 236.<br \/>\n<span id=\"KAPLANFCT\" class=\"ancres\"><\/span><br \/>\n<b>KAPLAN, Yosef, 1989a. <\/b> <em>From Christianity to Judaism. The Story of Isaac Orobio de Castro<\/em>, Oxford, Oxford University Press.<br \/>\n<span id=\"KAPLANTPC\" class=\"ancres\"><\/span><br \/>\n<b>KAPLAN, Yosef, 1989b. <\/b>\u00ab The Portuguese Community in Seventeenth Century Amsterdam and the Ashkenazi World \u00bb, <em>Dutch Jewish History<\/em>, vol. II, p. 23 \u2013 45.<br \/>\n<span id=\"KAPLANPCI\" class=\"ancres\"><\/span><br \/>\n<b>KAPLAN, Yosef, 1989c.<\/b> \u00ab\u00a0Political concepts in the world of the Portuguese Jews of Amsterdam during the Seventeenth Century. The problem of exclusion and the boundaries of self-identity\u00a0\u00bb, <em>Menasseh ben Israel and his world<\/em>, Y. Kaplan, H. M\u00e9choulan et R. Popkin (eds.), Amsterdam, Brill.<br \/>\n<span id=\"KAPLANJAC\" class=\"ancres\"><\/span><br \/>\n<b>KAPLAN, Yosef, 1985a (ed.).<\/b> <em>Jews and Conversos; Studies in Society and the Inquisition<\/em>, Jerusalem, The Magnes Press, Hebrew University of Jerusalem.<br \/>\n<span id=\"KAPLANTTO\" class=\"ancres\"><\/span><br \/>\n<b>KAPLAN, Yosef, 1985b.<\/b> \u00ab\u00a0The Travels of Portuguese Jews from Amsterdam to the &lsquo;Lands of Idolatry&rsquo; (1644 \u2013 1724)\u00a0\u00bb, <em>Jews and Conversos; Studies in Society and the Inquisition<\/em>, Y. Kaplan (ed.), Jerusalem, The Magnes Press, Hebrew University of Jerusalem.<br \/>\n<span id=\"KAPLANOTR\" class=\"ancres\"><\/span><br \/>\n<b>KAPLAN, Yosef, 1984a.<\/b> \u00ab\u00a0On the relation of Spinoza&rsquo;s Contemporaries in the Portuguese Jewish Community of Amsterdam to Spanish Culture and the Marrano Experience\u00a0\u00bb, <em>Spinoza&rsquo;s Political and Theological Thought<\/em>, C. de Deugd (ed.), Amsterdam, North Holland Publishing Co., p. 82 \u2013 94.<br \/>\n<span id=\"KAPLANTSF\" class=\"ancres\"><\/span><br \/>\n<b>KAPLAN, Yosef, 1984b.<\/b> \u00ab\u00a0The Social Functions of the &lsquo;Herem&rsquo; in the Portuguese Jewish Community of Amsterdam in the Seventeenth Century\u00a0\u00bb, <em>Dutch Jewish History<\/em>, J. Michman (ed.), vol. 1, Jerusalem, The Institute for Research on Dutch Jewry, p. 111 \u2013 155.<br \/>\n<span id=\"KAPLANJPF\" class=\"ancres\"><\/span><br \/>\n<b>KAPLAN, Yosef, 1981a.<\/b> \u00ab\u00a0Jewish Proselytes from Portugal in 17th Century Amsterdam. The Case of Lorenzo Escudero\u00a0\u00bb, <em>Proceedings of the 7th World Congress of Jewish Studies, History of the Jews in Europe<\/em>, Jerusalem, World Union of Jewish Studies, p. 87 \u2013 101.<br \/>\n<span id=\"KAPLANTPJ\" class=\"ancres\"><\/span><br \/>\n<b>KAPLAN, Yosef, 1981b.<\/b> \u00ab\u00a0The Portuguese Jews in Amsterdam. From forced conversion to a return to Judaism\u00a0\u00bb, <em>Studia Rosenthaliana<\/em>, vol. XV, p. 37 \u2013 51.<br \/>\n<span id=\"KAPLANMBI\" class=\"ancres\"><\/span><br \/>\n<b>KAPLAN, Yosef, MECHOULAN, Henry et POPKIN, Richard (eds.), 1989.<\/b> <em>Menasseh ben Israel and His World<\/em>, Leyde, E. J. Brill.<br \/>\n<span id=\"KATCHENCHA\" class=\"ancres\"><\/span><br \/>\n<b>KATCHEN, Aron L., 1984.<\/b> <em>Christian Hebraists and Dutch Rabbis. Seventeenth Century Apologetics and the Study of Maimonides&rsquo; \u00ab\u00a0Mishneh Torah\u00a0\u00bb<\/em>, Cambridge\/Londres, Harvard University Press.<br \/>\n<span id=\"KATZPAT\" class=\"ancres\"><\/span><br \/>\n<b>KATZ, David S., 1982. <\/b> <em>Philosemitism and the Readmission of the Jews to England. 1603 \u2013 1655<\/em>, Oxford, Oxford University Press.<br \/>\n<span id=\"KATZSMA\" class=\"ancres\"><\/span><br \/>\n<b>KATZ, David S. et ISRAEL, Jonathan Irvine, 1990 (eds.).<\/b> <em>Sceptics, Millenarians and Jews<\/em>, Leyde\/New York, E. J. Brill.<br \/>\n<span id=\"KAYSELINGBEP\" class=\"ancres\"><\/span><br \/>\n<b>KAYSELING, Meyer, 1968.<\/b> <em>Biblioteca Espa\u00f1ola-Portugueza-Judaica. Dictionnaire biblio-graphique des auteurs juifs, des leurs ouvrages espagnols et portugais et des oeuvres sur et contre les juifs et le judaisme avec un aper\u00e7u sur la lit\u00e9reture des juifs espagnols et une collection des proverbes espagnols<\/em>, Nieuwkoop, B. de Graaf.<br \/>\n<span id=\"KAYSELINGUCD\" class=\"ancres\"><\/span><br \/>\n<b>KAYSELING, Meyer, 1901. <\/b>\u00ab Un conflit dans la communaut\u00e9 hispano-portugaise d\u2019Amsterdam \u2013 Ses cons\u00e9quences \u00bb, <em>Revue des \u00e9tudes juives<\/em>, n. 43, p. 275 \u2013 276.<br \/>\n<span id=\"KAYSELINGIAT\" class=\"ancres\"><\/span><br \/>\n<b>KAYSELING, Meyer, 1897.<\/b> \u00ab\u00a0Isaac Aboab, the First Jewish Author in America\u00a0\u00bb, <em>Publications of the American Jewish Historical Society<\/em>, vol. V, p. 125 \u2013 136.<br \/>\n<span id=\"KAYSELINGTER\" class=\"ancres\"><\/span><br \/>\n<b>KAYSELING, Meyer, 1895.<\/b> \u00ab\u00a0The Earliest Rabbis and Jewish Writers of America\u00a0\u00bb, <em>Publications of the American Jewish Historical Society<\/em>, vol. III, p. 13 \u2013 20.<br \/>\n<span id=\"KISTEMAKERPEA\" class=\"ancres\"><\/span><br \/>\n<b>KISTEMAKER, R. et LEVIE, T. (eds.), 1988.<\/b> <em>Portugueses em Amsterd\u00e3o 1600 \u2013 1680<\/em>, Amsterdam, Amsterdams Historisch Museum\/De Bataafsche Leeuw.<br \/>\n<span id=\"KOENWEV\" class=\"ancres\"><\/span><br \/>\n<b>KOEN, E. M., 1970. <\/b>\u00ab Waar en voor wie werd de synagoge van 1612 gebouwed ? \u00bb, <em>Amstelodamum<\/em>, p. 209 \u2013 212.<br \/>\n<span id=\"KOLAKOWSKICSE\" class=\"ancres\"><\/span><br \/>\n<b>KOLAKOWSKI, Leszek, 1969.<\/b> <em>Chr\u00e9tiens sans Eglise, la conscience religieuse et le lien confessionel au XVIIe si\u00e8cle<\/em>, Paris, Gallimard.<br \/>\n<span id=\"LAPLANCHELEL\" class=\"ancres\"><\/span><br \/>\n<b>LAPLANCHE, F., 1986.<\/b> <em>L&rsquo;\u00c9criture, le sacr\u00e9 et l&rsquo;histoire. \u00c9rudits et politiques protestants devant la Bible en France au XVIIe si\u00e8cle<\/em>, Amsterdam\/Maarssen, APA-Holland University Press.<br \/>\n<span id=\"LAURSENPOR\" class=\"ancres\"><\/span><br \/>\n<b>LAURSEN, John Christian et VILLAVERDE, Mar\u00eda Jos\u00e9 (eds.), 2012.<\/b> <em>Paradoxes of Religious Toleration in Early Modern Political Thought<\/em>, Lanham, Lexington Books.<br \/>\n<span id=\"LIENARTREL\" class=\"ancres\"><\/span><br \/>\n<b>LIENART, Micha\u00eble, 2006. <\/b> <em>Rembrandt et la nouvelle J\u00e9rusalem. Juifs et chr\u00e9tiens \u00e0 Amsterdam au si\u00e8cle d\u2019or<\/em>, Paris, Editions du Panama.<br \/>\n<span id=\"LIMBURGIUSTHE\" class=\"ancres\"><\/span><br \/>\n<b>LIMBURGIUS [VAN LIMBORCH], Philippus, 1686.<\/b> <em>Theologia Christiana<\/em>, Amsterdam.<br \/>\n<span id=\"LOWENSTEINDFA\" class=\"ancres\"><\/span><br \/>\n<b>L\u00d6WENSTEIN, Leo, 1904.<\/b> \u00ab\u00a0Die Familie Aboab\u00a0\u00bb, <em>Monatsschrift f\u00fcr Geschichte und Wissenschaft des Judentums<\/em>, vol. XLVIII, p. 668 \u2013 673.<br \/>\n<span id=\"MAIMONIDEGDE\" class=\"ancres\"><\/span><br \/>\n<b>MAIMONIDE, M., 1979. <\/b> <em>Guide des \u00e9gar\u00e9s<\/em>, S. Munk (trad.), Paris, Verdier.<br \/>\n<span id=\"MARRIOTTTNA\" class=\"ancres\"><\/span><br \/>\n<b>MARRIOTT, Brandon, 2016. <\/b> <em>Transnational Networks and Cross-Religious Exchange in the Seventeenth-Century Mediterranean and Atlantic Worlds. Sabbatai Sevi and the Lost Tribes of Israel<\/em>, New York, Routledge.<br \/>\n<span id=\"MECHOULANEJA\" class=\"ancres\"><\/span><br \/>\n<b>MECHOULAN, Henri, 1991. <\/b> <em>Etre juif \u00e0 Amsterdam au temps de Spinoza<\/em>, Paris, Albin Michel.<br \/>\n<span id=\"MECHOULANHYJ\" class=\"ancres\"><\/span><br \/>\n<b>MECHOULAN, Henri, 1987.<\/b> <em>Hispanid y Juda\u00edsmo en tiempos de Espinoza. Estudio y edicion anotada de La Certeza del camino, de Abraham Pereyra. Amsterdam (1666)<\/em>, Salamanca, Ediciones de la Universidad.<br \/>\n<span id=\"MECHOULANLPD\" class=\"ancres\"><\/span><br \/>\n<b>MECHOULAN, Henri, 1984. <\/b> \u00ab\u00a0La pens\u00e9e d\u2019Abraham Pereira\u00a0\u00bb, <em>Dutch Jewish History<\/em>, J. Michman et T. Levie ed., Jerusalem.<br \/>\n<span id=\"MECHOULANLPD\" class=\"ancres\"><\/span><br \/>\n<b>MECHOULAN, Henri, 1980.<\/b> \u00ab\u00a0Le probl\u00e8me du latin chez Menasseh ben Isra\u00ebl et quelques implications religieuses et politiques \u00e0 propos d&rsquo;une lettre in\u00e9dite \u00e0 Beverovicius\u00a0\u00bb, <em>Studia Rosenthaliana<\/em>, vol. XIV, n. 1, Assen, p. 1 \u2013 6.<br \/>\n<span id=\"MECHOULANLHA\" class=\"ancres\"><\/span><br \/>\n<b>MECHOULAN, Henri, 1979\/1980. <\/b>\u00ab Le herem \u00e0 Amsterdam et l\u2019excommunication de Spinoza \u00bb, <em>Cahiers Spinoza<\/em>, vol. III, p. 117 \u2013 134.<br \/>\n<span id=\"MECHOULANAPJ\" class=\"ancres\"><\/span><br \/>\n<b>MECHOULAN, Henri, 1979a. <\/b>\u00ab Abraham Pereyra, juge des marranes et censeur de ses coreligionnaires \u00e0 Amsterdam au temps de Spinoza \u00bb, <em>Revue des Etudes Juives<\/em>, n. 138, p. 391 \u2013 400.<br \/>\n<span id=\"MECHOULANLSC\" class=\"ancres\"><\/span><br \/>\n<b>MECHOULAN, Henri, 1979b.<\/b> \u00ab\u00a0Lorsque Saumaise consultait Menasseh ben Isra\u00ebl. Deux lettres in\u00e9dites du rabbin d&rsquo;Amsterdam \u00e0 l&rsquo;humaniste de Leyde\u00a0\u00bb, <em>Studia Rosenthaliana<\/em>, vol. XIII, p. 1 \u2013 17.<br \/>\n<span id=\"MECHOULANAPD\" class=\"ancres\"><\/span><br \/>\n<b>MECHOULAN, Henri, 1978a. <\/b>\u00ab \u00c0 propos de la visite de Fr\u00e9d\u00e9ric-Henri, prince d\u2019Orange, \u00e0 la synagogue d\u2019Amsterdam \u00bb, <em>LIAS<\/em>, n. 5, p. 81 \u2013 86.<br \/>\n<span id=\"MECHOULANQRA\" class=\"ancres\"><\/span><br \/>\n<b>MECHOULAN, Henri, 1978b.<\/b> \u00ab\u00a0Quelques remarques \u00e0 propos du marranisme. Un concept \u00e0 tout faire\u00a0\u00bb, <em>Etno-Psycologie<\/em>, vol. XXXIII, p. 83 \u2013 100.<br \/>\n<span id=\"MECHOULANQRS\" class=\"ancres\"><\/span><br \/>\n<b>MECHOULAN, Henri, 1977a. <\/b>\u00ab Quelques remarques sur le marranisme et la rupture spinoziste \u00bb, <em>Studia Rosenthaliana<\/em>, vol. XI, p. 113 \u2013 125.<br \/>\n<span id=\"MECHOULANSFA\" class=\"ancres\"><\/span><br \/>\n<b>MECHOULAN, Henri, 1977b. <\/b>\u00ab Spinoza face \u00e0 quelques textes d\u2019origine marrane \u00bb, <em>Raison pr\u00e9sente<\/em>, n. 13, p. 13 \u2013 24.<br \/>\n<span id=\"MECHOULANMES\" class=\"ancres\"><\/span><br \/>\n<b>MECHOULAN, Henri, 1976. <\/b>\u00ab Morteira et Spinoza au carrefour du socinianisme \u00bb, <em>Revue des \u00e9tudes juives<\/em>, n. 135, p. 51 \u2013 65.<br \/>\n<span id=\"MEIHUIZENGAD\" class=\"ancres\"><\/span><br \/>\n<b>MEIHUIZEN, H. W., 1956.<\/b> \u00ab\u00a0Galenus Abrahamsz de Haan (1622 \u2013 1706)\u00a0\u00bb, <em>Global Anabaptist Mennonite Encyclopedia Online<\/em>, adapt\u00e9 avec la permission de Herald Press, Harrisonburg, Virginia, de <em>Mennonite Encyclopedia<\/em>, vol. II, p. 431 \u2013 433, 435. Disponible <a href=\"http:\/\/gameo.org\/index.php?title=Galenus_Abrahamsz_de_Haan_(1622-1706)&#038;oldid=145214\" target=\"_blank\">ici<\/a>.<br \/>\n<span id=\"MEIHUIZENGA1\" class=\"ancres\"><\/span><br \/>\n<b>MEIHUIZEN, H. W., 1954.<\/b> <em>Galenus Abrahamsz, 1622 \u2013 1706. Strijder voor een onbeperkte verdgraagzaamheid en verdediger van het Doperse Spiritualisme<\/em>, Haarlem, Tjeenk Willink et Zoon.<br \/>\n<span id=\"MODENATAO\" class=\"ancres\"><\/span><br \/>\n<b>MODENA, Leon, 1988. <\/b> <em>The Autobiography of a Seventeenth-Century Venetian Rabbi. The Leon Modena\u2019s \u2018Life of Judah\u2019<\/em>, M. R. Cohen (ed.), Princeton, Princeton University Press.<br \/>\n<span id=\"MODENALBE\" class=\"ancres\"><\/span><br \/>\n<b>MODENA, Leon, 1980. <\/b> <em>Le bouclier et la Targe. Une pol\u00e9mique sur l\u2019identit\u00e9 juive au XVII\u00e8me si\u00e8cle<\/em>, J.-P. Osier (trad.), Paris, Centre d\u2019\u00e9tudes Don Isaac Abravanel.<br \/>\n<span id=\"MODENAHDR\" class=\"ancres\"><\/span><br \/>\n<b>MODENA, Leon, 1637. <\/b> <em>Historia degliriti hebraici, vita ed osservanze degliHebrei di questi tempi, di Leon Modena<\/em>, Venise, G. Colleoni.<br \/>\n<span id=\"MORTEIRATDV\" class=\"ancres\"><\/span><br \/>\n<b>MORTEIRA, Sa\u00fcl L\u00e9vi, 1988a [1662]. <\/b> <em>Tratado da verdade da lei de Mois\u00e9s<\/em>, H. P. Salomon (ed.), Coimbra, Universidade de Coimbra.<br \/>\n<span id=\"MORTEIRATBD\" class=\"ancres\"><\/span><br \/>\n<b>MORTEIRA, Sa\u00fcl L\u00e9vi, 1988b [1662]. <\/b> <em>Traktaat Betreffende de Waarheid van de Wet van Mozes. Eigenhandig geschreven in de portugese Taal te Amsterdam, 1659 \u2013 1660<\/em>, H. P. Salomon (ed.), Tipografia Barbosa et Xavier-Braga, Brage.<br \/>\n<span id=\"MORTEIRAAAT\" class=\"ancres\"><\/span><br \/>\n<b>MORTEIRA, Sa\u00fcl L\u00e9vi, 1712. <\/b> <em>Arguments Against the Christian Religion in Amsterdam<\/em>, G. Kaplan (trad.), Amsterdam University Press, 2017.<br \/>\n<span id=\"MORTEIRATPO\" class=\"ancres\"><\/span><br \/>\n<b>MORTEIRA, Sa\u00fcl L\u00e9vi, 1662a. <\/b> <em>The Providence of God with Israel<\/em>, G. B. Kaplan (ed. et trad.), Amsterdam, Manuscript B 16 of the Ets Haim Library, Portuguese Synagogue.<br \/>\n<span id=\"MORTEIRAPDD\" class=\"ancres\"><\/span><br \/>\n<b>MORTEIRA, Sa\u00fcl L\u00e9vi, 1662b. <\/b> <em>Providencia de Dios con Ysrael<\/em>, C. M. R. de Aguilar (trad.), Amsterdam, lehudah Machabeu.<br \/>\n<span id=\"MUCHNIKDPE\" class=\"ancres\"><\/span><br \/>\n<b>MUCHNIK, Natalia, 2014. <\/b> <em>De paroles et de gestes. Constructions marranes en terre d\u2019Inquisition <\/em>, Paris, Editions de l\u2019EHESS.<br \/>\n<span id=\"MUCHNIKSEL\" class=\"ancres\"><\/span><br \/>\n<b>MUCHNIK, Natalia, 2012. <\/b>\u00ab Spinoza et le tournant marrane de l\u2019histoire s\u00e9pharade \u00bb, <em>Les s\u00e9pharades et l\u2019Europe. De Ma\u00efmonide \u00e0 Spinoza<\/em>, J.-C. Attias (dir.), Paris, Presses Universitaires de Paris-Sorbonne.<br \/>\n<span id=\"MUCHNIKAEL\" class=\"ancres\"><\/span><br \/>\n<b>MUCHNIK, Natalia, 2010. <\/b>\u00ab Amsterdam et les groupements jud\u00e9o-ib\u00e9riques de France au XVIIe si\u00e8cle \u00bb, <em>Entre calvinistes et catholiques. Les relations religieuses en la France et les Pays-Bas du Nord (XVIe \u2013 XVIIIe si\u00e8cles)<\/em>, Y. Krumenacker (dir.), Rennes, Presses Universitaires de Rennes, p. 299 \u2013 313.<br \/>\n<span id=\"MUCHNIKDLV\" class=\"ancres\"><\/span><br \/>\n<b>MUCHNIK, Natalia, 2006a. <\/b> \u00ab De la ville inquisitoriale \u00e0 la ville de tol\u00e9rance. Identit\u00e9s f\u00e9minines juda\u00efsantes en Europe occidentale (XVIIe si\u00e8cle) \u00bb, <em>Annales de Bretagne et des pays de l&rsquo;Ouest<\/em>, n. 113, p. 29 \u2013 42.<br \/>\n<span id=\"MUCHNIKDCD\" class=\"ancres\"><\/span><br \/>\n<b>MUCHNIK, Natalia, 2006b. <\/b> \u00ab\u00a0Du catholicisme des jud\u00e9oconvers. Rouen, 1633\u00a0\u00bb, <em>Dix-septi\u00e8me si\u00e8cle<\/em>, vol. 2, n. 231, p. 277 \u2013 299.<br \/>\n<span id=\"MUCHNIKUVM\" class=\"ancres\"><\/span><br \/>\n<b>MUCHNIK, Natalia, 2005. <\/b> <em>Une vie marrane. Les p\u00e9r\u00e9grinations de Juan de Prado dans l\u2019Europe du XVIIe si\u00e8cle<\/em>, Paris, H. Champion.<br \/>\n<span id=\"MUCHNIKDJA\" class=\"ancres\"><\/span><br \/>\n<b>MUCHNIK, Natalia, 2002.<\/b> \u00ab\u00a0Du Juda\u00efsme au catholicisme. Les al\u00e9as de la foi au XVIIe si\u00e8cle\u00a0\u00bb, <em>Revue historique<\/em>, n. 623, p. 571 \u2013 609.<br \/>\n<span id=\"MUHANAUDC\" class=\"ancres\"><\/span><br \/>\n<b>MUHANA, Adma, 2016. <\/b> <em>Uriel da Costa e a na\u00e7\u00e3o portuguesa de Amsterd\u00e3<\/em>, 1. ed., vol. 1, S\u00e3o Paulo: Humanitas.<br \/>\n<span id=\"MUHANAQAG\" class=\"ancres\"><\/span><br \/>\n<b>MUHANA, Adma, 2014. <\/b> \u00ab\u00a0Quelqu&rsquo;un&#8230; au grand escandale de notre nation\u00a0\u00bb, <em>Sigila<\/em>, vol. 33, Paris, p. 75 \u2013 86.<br \/>\n<span id=\"MUHANAUAD\" class=\"ancres\"><\/span><br \/>\n<b>MUHANA, Adma, 2008. <\/b> \u00ab\u00a0Um aspecto do processo inquisitorial de Vieira. A comunidade lusojudaica de Amsterd\u00e3 e Menasseh ben-Israel\u00a0\u00bb, <em>Trilhas<\/em>, vol. 10, p. 197 \u2013 207.<br \/>\n<span id=\"MUSTERSLSD\" class=\"ancres\"><\/span><br \/>\n<b>MUSTERS, A., 1989.<\/b> <em>La souverainet\u00e9 de la vierge d\u2019apr\u00e8s les \u00e9crits mariologiques de Barth\u00e9lemy de los Rios<\/em>, Gand, \u00c9dition des P\u00e8res Augustins.<br \/>\n<span id=\"NAHONNCE\" class=\"ancres\"><\/span><br \/>\n<b>NAHON, G\u00e9rard, 2000.<\/b> \u00ab Nouveaux chr\u00e9tiens espagnols et portugais dans l&rsquo;ancienne France. Solidarit\u00e9s g\u00e9ographiques \u00bb, <em>Les juifs et la ville<\/em>, Bordes-Benayoun C. (ed.), Toulouse, Presses universitaires du Mirail, p. 35 \u2013 57.<br \/>\n<span id=\"NAHONMEP\" class=\"ancres\"><\/span><br \/>\n<b>NAHON, G\u00e9rard, 1993.<\/b> <em>M\u00e9tropoles et p\u00e9riph\u00e9ries s\u00e9farades d&rsquo;Occident<\/em>, Kairouan, Amsterdam, Bayonne, Bordeaux, J\u00e9rusalem, Paris, \u00c9ditions du Cerf.<br \/>\n<span id=\"NAHONLNJ\" class=\"ancres\"><\/span><br \/>\n<b>NAHON, G\u00e9rard, 1981.<\/b> <em>Les nations juives portugaises du Sud-Ouest de la France<\/em>, Paris, Centro Cultural Portugu\u00eas.<br \/>\n<span id=\"NAHONSAA\" class=\"ancres\"><\/span><br \/>\n<b>NAHON, G\u00e9rard, 1980. <\/b>\u00ab Amsterdam, m\u00e9tropole occidentale des S\u00e9farades au XVIIe si\u00e8cle \u00bb, <em>Cahiers Spinoza<\/em>, vol. III, p. 15 \u2013 50.<br \/>\n<span id=\"NAHONURP\" class=\"ancres\"><\/span><br \/>\n<b>NAHON, G\u00e9rard, 1964.<\/b> \u00ab\u00a0Un rabin polonais r\u00e9fugi\u00e9 \u00e0 Amsterdam en 1660. Mo\u00efse Ribkes\u00a0\u00bb, <em>Trait d&rsquo;Union<\/em>, vol. XII, Paris.<br \/>\n<span id=\"ODDOSIDL\" class=\"ancres\"><\/span><br \/>\n<b>ODDOS, Jean-Paul, 2012.<\/b> <em>Isaac de Lapeyr\u00e8re (1596 \u2013 1676), un intellectuel sur les routes du monde<\/em>, Paris, \u00c9ditions Honor\u00e9 Champion.<br \/>\n<span id=\"OELMANMPO\" class=\"ancres\"><\/span><br \/>\n<b>OELMAN, Timothy, 1972.<\/b> <em>Marrano Poets of the Seventeenth Century. An Anthology of the Poetry of Jo\u00e3o Pinto Delgado, Antonio Enr\u00edquez G\u00f3mez and Miguel de Barrios<\/em>, Rutherford\/Madison\/Teaneck, Fairleigh Dickinson University Press.<br \/>\n<span id=\"OFFENBERGTDO\" class=\"ancres\"><\/span><br \/>\n<b>OFFENBERG, Adri, 1972. <\/b>\u00ab The dating of the <em>Kol Bo<\/em>. Watermarks and Hebrew Bibliography \u00bb, <em>Studia Rosenthaliana<\/em>, vol. VI, n. 1, p. 86 \u2013 106.<br \/>\n<span id=\"OLIVALREI\" class=\"ancres\"><\/span><br \/>\n<b>OLIVAL, F., 2004.<\/b> \u00ab\u00a0Rigor e interesses. Os estatutos de limpeza de sangue em Portugal\u00a0\u00bb, <em>Cadernos de Estudos Sefarditas<\/em>, n. 4, p. 151 \u2013 182.<br \/>\n<span id=\"OROBIOCAR\" class=\"ancres\"><\/span><br \/>\n<b>OROBIO DE CASTRO, Isaac Balthazar, 1959 [1664].<\/b> \u00ab\u00a0Carta apologetica\u00a0\u00bb, <em>Spinoza et le Dr. Juan de Prado<\/em>, I. S. R\u00e9vah (ed.), Paris\/La Haye, Mouton &#038; co., p. 130 \u2013 142.<br \/>\n<span id=\"OSIERFSO\" class=\"ancres\"><\/span><br \/>\n<b>OSIER, Jean-Pierre, 1996.<\/b> <em>Faust Socin ou le christianisme sans sacrifice<\/em>, Paris, Cerf.<br \/>\n<span id=\"OSIERDUD\" class=\"ancres\"><\/span><br \/>\n<b>OSIER, Jean-Pierre, 1983. <\/b> <em>D\u2019Uriel da Costa \u00e0 Spinoza<\/em>, Paris, Berg International.<br \/>\n<span id=\"OSIERJEH\" class=\"ancres\"><\/span><br \/>\n<b>OSIER, Jean-Pierre, 1981.<\/b> \u00ab\u00a0Juda\u00efsme et h\u00e9t\u00e9rodoxie au si\u00e8cle de Spinoza. Les arguments de L\u00e9on Mod\u00e8ne\u00a0\u00bb, <em>Bulletin de l&rsquo;association des amis de Spinoza<\/em>, vol. V, p. 1 \u2013 8.<br \/>\n<span id=\"OSIERUAD\" class=\"ancres\"><\/span><br \/>\n<b>OSIER, Jean-Pierre, 1980.<\/b> \u00ab\u00a0Un aspect du juda\u00efsme individualiste d&rsquo;Uriel da Costa\u00a0\u00bb, <em>Cahiers Spinoza<\/em>, vol. III, Paris, p. 101 \u2013 115.<br \/>\n<span id=\"PARENTERDA\" class=\"ancres\"><\/span><br \/>\n<b>PARENTE, J. A. Jr., 1987.<\/b> <em>Religious Drama and the Humanist Tradition. Christian Theater in Germany and in the Netherlands 1500 \u2013 1680<\/em>, Leyde, E. J. Brill.<br \/>\n<span id=\"PEREYRAEDL\" class=\"ancres\"><\/span><br \/>\n<b>PEREYRA, Abraham, 1671. <\/b> <em>Espejo de la vanid del mundo<\/em>, Amsterdam, em casa de Alexander Ianse.<br \/>\n<span id=\"PEREYRALCD\" class=\"ancres\"><\/span><br \/>\n<b>PEREYRA, Abraham, 1666. <\/b> <em>La Certeza del Camino<\/em>, Amsterdam, David de Castro Tartaz.<br \/>\n<span id=\"PHILIPPHIS\" class=\"ancres\"><\/span><br \/>\n<b>PHILIPP VAN LIMBORCH, 1692.<\/b> <em>Historia inquisitionis<\/em>, cui subjungitur Liber sententiarum inquisitionis Tholosanae ab anno Christi MCCCVII ad annum MCCCXXIII, Amsterdam, H. Wetstenius.<br \/>\n<span id=\"POPKINCJA\" class=\"ancres\"><\/span><br \/>\n<b>POPKIN, Richard, 1994. <\/b>\u00ab Christian Jews and Jewish Christians in the 17th Century \u00bb, <em>Jewish Christians and Christian Jews<\/em>, R. Popkin et C. M. Weiner (ed.), Dordrecht, Kluver.<br \/>\n<span id=\"POPKINJAC\" class=\"ancres\"><\/span><br \/>\n<b>POPKIN, Richard, 1992a.<\/b> \u00ab\u00a0Jewish Anti-Christian Arguments as a Source of Irreligion from the Seventeenth to the early Nineteenth Century\u00a0\u00bb, <em>Atheism from the Reformation to the Enlightenment<\/em>, M. Hunter et D. Wootton (eds.), p. 159 \u2013 181.<br \/>\n<span id=\"POPKINTTF\" class=\"ancres\"><\/span><br \/>\n<b>POPKIN, Richard, 1992b.<\/b> <em>The Third Force in Seventeenth-century Thought<\/em>, Leyde.<br \/>\n<span id=\"POPKINMBI\" class=\"ancres\"><\/span><br \/>\n<b>POPKIN, Richard, 1974. <\/b>\u00ab Menasseh ben Israel and Isaac La Peyr\u00e8re \u00bb, <em>Studia Rosenthaliana<\/em>, vol. VIII, p. 59 \u2013 63.<br \/>\n<span id=\"POPKINILP\" class=\"ancres\"><\/span><br \/>\n<b>POPKIN, Richard, 1987b.<\/b> <em>Isaac La Peyr\u00e8re (1596 \u2013 1676). His Life, Work and Influence<\/em>, Leyde.<br \/>\n<span id=\"POPKINTLT\" class=\"ancres\"><\/span><br \/>\n<b>POPKIN, Richard, 1986b.<\/b> \u00ab\u00a0The lost Tribes, the Caraites and the English Millenarians\u00a0\u00bb, <em>Journal of Jewish Studies<\/em>, vol. XXXVII, p. 213 \u2013 223.<br \/>\n<span id=\"PORGESLMU\" class=\"ancres\"><\/span><br \/>\n<b>PORGES, Nathan, 1911. <\/b>\u00ab Leon Modena \u00fcber Uriel da Costa \u00bb, <em>Zeitschrift f\u00fcr hebraische Bibliographie<\/em>, vol. XV, p. 80 \u2013 82.<br \/>\n<span id=\"PROIETTIEDT\" class=\"ancres\"><\/span><br \/>\n<b>PROIETTI, Omero, 2014 (ed.). <\/b> <em>Uriel da Costa, Exame das tradi\u00e7o\u1ebds phariseas \/ Esame delle tradizioni farisee (1624)<\/em>, Macerata, eum-Edizioni Universit\u00e0 di Macerata.<br \/>\n<span id=\"PROIETTIISR\" class=\"ancres\"><\/span><br \/>\n<b>PROIETTI, Omero, 2011a.<\/b>\u00ab Israel Salvator R\u00e9vah, Uriel da Costa e i marrani di Porto \u00bb, <em>La Rassegna mensile di Israel<\/em>, n. 75, p. 191 \u2013 208.<br \/>\n<span id=\"PROIETTINLN\" class=\"ancres\"><\/span><br \/>\n<b>PROIETTI, Omero, 2011b. <\/b>\u00ab \u2018Nas letras nas\u00e7i eu\u2019. Uriel Da Costa tra falsificazioni e false attribuzioni \u00bb, <em>La centralit\u00e0 del dubbio. Un progetto di Antonio Rotond\u00f2<\/em>, vol. XIII, Firenze, Olschki, p. 417 \u2013 456.<br \/>\n<span id=\"PROIETTIFGE\" class=\"ancres\"><\/span><br \/>\n<b>PROIETTI, Omero, 2007. <\/b>\u00ab Flavio Giuseppe e il dissenso \u2018marrano-sadduceo\u2019 (Amsterdam, 1624 \u2013 1670) \u00bb, <em>Spinoza. Ricerche e prospettive<\/em>, Napoli, Bibliopolis, p. 577 \u2013 611.<br \/>\n<span id=\"PROIETTIUDC\" class=\"ancres\"><\/span><br \/>\n<b>PROIETTI, Omero, 2005. <\/b> <em>Uriel da Costa e l\u2019\u00ab Exemplar humanae vitae \u00bb<\/em>, Macerata, Quodlibet.<br \/>\n<span id=\"PROIETTILCD\" class=\"ancres\"><\/span><br \/>\n<b>PROIETTI, Omero, 2003. <\/b> <em>La citt\u00e0 divisa. Flavio Giuseppe, Spinoza e i farisei<\/em>, Roma, Il Calamo.<br \/>\n<span id=\"PROIETTICEO\" class=\"ancres\"><\/span><br \/>\n<b>PROIETTI, Omero, 1991. <\/b>\u00ab Creazione eterna, ordine della natura, miracolo in Uriel da Costa \u00bb, <em>L&rsquo;averroismo in et\u00e0 moderna (1400 \u2013 1700)<\/em>, Macerata, Quodlibet.<br \/>\n<span id=\"PROIETTITEI\" class=\"ancres\"><\/span><br \/>\n<b>PROIETTI, Omero, et LICATA, Giovanni (dir.), 2016. <\/b> <em>Tradizione e illuminismo in Uriel da Costa. Fonti, temi, questioni dell\u2019Exame das tradi\u00e7o\u1ebds phariseas<\/em>. Atti del convegno internazionale, Macerata 29 \u2013 30 settembre 2015, Macerata, eum-Edizioni Universit\u00e0 di Macerata.<br \/>\n<span id=\"REISSTJI\" class=\"ancres\"><\/span><br \/>\n<b>REISS, Oscar, 2004.<\/b> <em>The Jews in colonial America<\/em>, Jefferson\/London, McFarland.<br \/>\n<span id=\"REVAHUDC\" class=\"ancres\"><\/span><br \/>\n<b>REVAH, Israel Salvador, 2004.<\/b> <em>Uriel da Costa et les marranes de Porto<\/em>, Cours au Coll\u00e8ge de France (1966 \u2013 1972), C. Wilke (ed.), Paris, Centre Culturel Calouste Gulbenkian.<br \/>\n<span id=\"REVAHDMA\" class=\"ancres\"><\/span><br \/>\n<b>REVAH, Israel Salvador, 1995. <\/b> <em>Des marranes \u00e0 Spinoza<\/em>, H. M\u00e9choulan, P.-F. Moreau et C. Lorenz (dir.), Paris, Librarie Philosophique J. Vrin.<br \/>\n<span id=\"REVAHAOD\" class=\"ancres\"><\/span><br \/>\n<b>REVAH, Israel Salvador, 1970. <\/b>\u00ab Aux origines de la rupture spinozienne. Nouvel examen des origines, du d\u00e9roulement et des cons\u00e9quences de l\u2019affaire Spinoza-Prado-Ribera \u00bb, <em>Annuaire du Coll\u00e8ge de France<\/em>, n. 70, p. 562 \u2013 568.<br \/>\n<span id=\"REVAHLHM\" class=\"ancres\"><\/span><br \/>\n<b>REVAH, Israel Salvador, 1968. <\/b>\u00ab L\u2019h\u00e9r\u00e9sie marrane dans l\u2019Europe catholique du XVe au XVIIe si\u00e8cle \u00bb , <em>H\u00e9r\u00e9sies et soci\u00e9t\u00e9s dans l\u2019Europe pr\u00e9industrielle, 11e \u2013 18e si\u00e8cles<\/em>, J. Le Goff (ed.), Paris\/La Haye, Mouton, p. 327 \u2013 337.<br \/>\n<span id=\"REVAHDMA\" class=\"ancres\"><\/span><br \/>\n<b>REVAH, Israel Salvador, 1967. <\/b>\u00ab Du \u2018marranisme\u2019 au juda\u00efsme et au deisme. Uriel da Costa et sa famille \u00bb, <em>Des marranes \u00e0 Spinoza<\/em>, H. M\u00e9choulan, P.-F. Moreau et C. Lorenz (dir.), Paris, Librarie Philosophique J. Vrin, p. 119 \u2013 168.<br \/>\n<span id=\"REVAHLEM\" class=\"ancres\"><\/span><br \/>\n<b>REVAH, Israel Salvador, 1965.<\/b> \u00ab\u00a0Les \u00e9crivains Manuel de Pina et Miguel de Barrios et la censure de la communaut\u00e9 jud\u00e9o-portugaise d&rsquo;Amsterdam\u00a0\u00bb, <em>Otzar Yehude Sefarad<\/em> (Tesoro de los Jud\u00edos Sefardies), vol. VIII, p. 74 \u2013 91.<br \/>\n<span id=\"REVAHLEP\" class=\"ancres\"><\/span><br \/>\n<b>REVAH, Israel Salvador, 1964-1965. <\/b>\u00ab Les \u00e9crits portugais d\u2019Uriel da Costa \u00bb, <em>Annuaire de l&rsquo;Ecole pratique des Hautes Etudes<\/em>, IV (sect.), p. 265 \u2013 274.<br \/>\n<span id=\"REVAHODL\" class=\"ancres\"><\/span><br \/>\n<b>REVAH, Israel Salvador, 1964. <\/b>\u00ab Aux origines de la rupture spinozienne. Nouveaux documents sur l\u2019incroyance dans la communaut\u00e9 jud\u00e9o-portugaise d\u2019Amsterdam \u00e0 l\u2019\u00e9poque de l\u2019excommunication de Spinoza \u00bb, <em>Revue des \u00e9tudes juives<\/em>, n. 123, p. 359 \u2013 430.<br \/>\n<span id=\"REVAHPLH\" class=\"ancres\"><\/span><br \/>\n<b>REVAH, Israel Salvador, 1963a<\/b> \u00ab Pour l&rsquo;histoire des Marranes \u00e0 Anvers. Recensements de la \u201cNation Portugaise\u201d de 1571 \u00e0 1666 \u00bb, <em>Revue des \u00e9tudes juives<\/em>, vol. CXXII, p. 123 \u2013 147.<br \/>\n<span id=\"REVAHLPR\" class=\"ancres\"><\/span><br \/>\n<b>REVAH, Israel Salvador, 1963b.<\/b>\u00ab Le premier r\u00e8glement imprim\u00e9 de la <em>Santa Companhia de Dotar Orfens e Donzelas Pobres<\/em> \u00bb, <em>Boletim Internacional de Bibliografia Luso-Brasileira<\/em>, n. 4, p. 650 \u2013 690.<br \/>\n<span id=\"REVAHLRD\" class=\"ancres\"><\/span><br \/>\n<b>REVAH, Israel Salvador, 1962. <\/b>\u00ab La religion d\u2019Uriel da Costa, marrane de Porto \u00bb, <em>Revue de l\u2019histoire des religions<\/em>, n. 161, p. 44 \u2013 76.<br \/>\n<span id=\"REVAHSEL\" class=\"ancres\"><\/span><br \/>\n<b>REVAH, Israel Salvador, 1959.<\/b> <em>Spinoza et le Dr Juan de Prado<\/em>, Paris\/La Haye, Mouton.<br \/>\n<span id=\"REVAHSELH\" class=\"ancres\"><\/span><br \/>\n<b>REVAH, Israel Salvador, 1958. <\/b> \u00ab\u00a0Spinoza et les h\u00e9r\u00e9tiques de la communaut\u00e9 jud\u00e9o-portugaise d&rsquo;Amsterdam\u00a0\u00bb, <em>Revue de l&rsquo;histoire des religions <\/em>, vol. 154, n. 2.<br \/>\n<span id=\"RIVKINHJW\" class=\"ancres\"><\/span><br \/>\n<b>RIVKIN, Ellis, 1980.<\/b> \u00ab\u00a0How Jewish were New Christians?\u00a0\u00bb, <em>Hispania Judaica. Studies on the history, language and literature of the Jews in the Hispanic World<\/em>, J. M. Sola-S\u00e9, S. G. Armistead et J. H. Silvermann (eds.), Barcelona, Puvill, p. 105 \u2013 115.<br \/>\n<span id=\"RIVKINLDM\" class=\"ancres\"><\/span><br \/>\n<b>RIVKIN, Ellis, 1952.<\/b> <em>Leon da Modena and the \u00ab\u00a0Kol Sakhal\u00a0\u00bb<\/em>, Cincinnati, Hebrew Union College Press.<br \/>\n<span id=\"ROITMANTSB\" class=\"ancres\"><\/span><br \/>\n<b>ROITMAN, Jessica Vance, 2011. <\/b> <em>The same but different ? Inter-cultural trade and the sephardim (1595 \u2013 1640)<\/em>, Amsterdam, Brill.<br \/>\n<span id=\"ROODENTEE\" class=\"ancres\"><\/span><br \/>\n<b>ROODEN, P. T. et VAN WESSELIUS, J. W., 1987.<\/b> \u00ab\u00a0The early enlightenment and Judaism. The &lsquo;civil dispute&rsquo; between Philippus van Limborch and Isaac Orobio de Castro\u00a0\u00bb, <em>Studia Rosenthaliana<\/em>, vol. XXI, p. 140 \u2013 153.<br \/>\n<span id=\"ROSAUDC\" class=\"ancres\"><\/span><br \/>\n<b>ROSA, Jacob da Silva, 1927. <\/b> \u00ab Uri\u00ebl da Costa en Dr. Samuel da Silva (1571 \u2013 1631) \u00bb, <em>De Vrijdagavond<\/em>, vol. IV, p. 487 \u2013 488.<br \/>\n<span id=\"ROSAIOD\" class=\"ancres\"><\/span><br \/>\n<b>ROSA, Jacob da Silva, 1913.<\/b> \u00ab\u00a0Iets over den Amsterdamschen Opperabbijn Isa\u00e4c Aboab\u00a0\u00bb, <em>Centraal Blad voor Isra\u00eblieten in Nederland<\/em>, vol. XXIX, p. 39 \u2013 41.<br \/>\n<span id=\"ROTHTRO\" class=\"ancres\"><\/span><br \/>\n<b>ROTH, Cecil, 1972. <\/b> \u00ab The Role of Spanish in the Marrano Diaspora \u00bb, <em>Studies in Books and Booklore<\/em>, Londres, Gregg International Publishers, p. 111 \u2013 120.<br \/>\n<span id=\"ROTHIAD\" class=\"ancres\"><\/span><br \/>\n<b>ROTH, Cecil, 1971.<\/b> \u00ab\u00a0Isaac Aboab de Fonseca\u00a0\u00bb, <em>Encyclopedia judaica<\/em>, vol. II, Jerusalem, Keter.<br \/>\n<span id=\"ROTHALO\" class=\"ancres\"><\/span><br \/>\n<b>ROTH, Cecil, 1934. <\/b> <em>A Life of Menasseh ben Israel<\/em>, Philadelphie, Jewish Publication Society.<br \/>\n<span id=\"ROTHHDM\" class=\"ancres\"><\/span><br \/>\n<b>ROTH, Cecil, 1932. <\/b> <em>Histoire des marranes<\/em>, R. Pinhas-Delpuech (trad.), Paris, Editions Liana Levi, 2002.<br \/>\n<span id=\"ROTHAHO\" class=\"ancres\"><\/span><br \/>\n<b>ROTH, Cecil, 1932. <\/b> <em>A History of the Marranos<\/em>, New York, Harper and Row.<br \/>\n<span id=\"SACHERLCN\" class=\"ancres\"><\/span><br \/>\n<b>SACHER-MASOCH, Leopold von, 1907.<\/b> \u00ab\u00a0Shabtai Ts\u00e9vi\u00a0\u00bb, <em>La Czarine noire et autres contes sur la flagellation<\/em>, D. Dolor\u00e8s (trad.), Paris, \u00c9d. Charles Carrington. Disponible <a href=\"http:\/\/gallica.bnf.fr\/ark:\/12148\/bpt6k133286c?rk=21459;2\" target=\"_blank\">ici<\/a>.<br \/>\n<span id=\"SALOMONUDC\" class=\"ancres\"><\/span><br \/>\n<b>SALOMON, Herman Prins, 1990.<\/b> \u00ab\u00a0Uriel da Costa, Leon Modena e as filact\u00e9rias\u00a0\u00bb, <em>Revista da Faculdade de Letras da Universidade de Lisboa<\/em>, p. 123 \u2013 139.<br \/>\n<span id=\"SALOMONMOA\" class=\"ancres\"><\/span><br \/>\n<b>SALOMON, Herman Prins, 1989. <\/b>\u00ab Myth or Anti-Myth ? The oldest account concerning the origin of Portuguese judaism in Amsterdam \u00bb, <em>LIAS<\/em>, n. 16, p. 275 \u2013 316.<br \/>\n<span id=\"SALOMONISL\" class=\"ancres\"><\/span><br \/>\n<b>SALOMON, Herman Prins, 1988a. <\/b> \u00ab Introdu\u00e7\u00e3o. Saul Levi Mortera. O homem, a obra, a \u00e9poca \u00bb, <em>Tratado da verdade da Lei de Mois\u00e9s<\/em>, S. L. Mortera (aut.), Coimbra, Acta Universitatis Conimbricensis, p. XXV \u2013 CXXVII.<br \/>\n<span id=\"SALOMONSLM\" class=\"ancres\"><\/span><br \/>\n<b>SALOMON, Herman Prins, 1988b.<\/b> \u00ab\u00a0Sa\u00fcl Levi Mortera\u00a0\u00bb, <em>Traktaat Betreffende de Waarheid van de Wet van Mozes. Eigenhandig geschreven in de portugese Taal te Amsterdam, 1659 \u2013 1660, inleiding, transcriptie en aantekeningen dorr<\/em>, Brage.<br \/>\n<span id=\"SALOMONTPB\" class=\"ancres\"><\/span><br \/>\n<b>SALOMON, Herman Prins, 1983a.<\/b> \u00ab\u00a0The portuguese background of Menasseh Ben Israel&rsquo;s parents as revealed through the Inquisitorial Arquives at Libon\u00a0\u00bb, <em>Studia Rosenthaliana<\/em>, vol. XVII, p. 105 \u2013 146.<br \/>\n<span id=\"SALOMONOPP\" class=\"ancres\"><\/span><br \/>\n<b>SALOMON, Herman Prins, 1983b.<\/b> \u00ab\u00a0Os primeiros portugueses de Amsterd\u00e3o\u00a0\u00bb, <em>Caminiana<\/em>, vol. V, p. 31 \u2013 104.<br \/>\n<span id=\"SALOMONBSI\" class=\"ancres\"><\/span><br \/>\n<b>SALOMON, Herman Prins, 1979.<\/b> \u00ab\u00a0Baruch Spinoza, Ishac, Orobio de Castro and Haham Mosseh Raphael d&rsquo;Aguilar on the Noachites. A chapter in the history of thought\u00a0\u00bb, <em>Arquivos do Centro Cultural Portugu\u00eas<\/em>, vol. XIV, p. 253 \u2013 286.<br \/>\n<span id=\"SALOMONHSL\" class=\"ancres\"><\/span><br \/>\n<b>SALOMON, Herman Prins, 1976.<\/b> \u00ab\u00a0Haham Saul Levi Morteira en de Portugees Nieuw-Christenen\u00a0\u00bb, <em>Studia Rosenthaliana<\/em>, vol. X, Assen, Van Gorcum.<br \/>\n<span id=\"SALOMONITD\" class=\"ancres\"><\/span><br \/>\n<b>SALOMON, Herman Prins, et SASSOON, Isaac S. D., 1993.<\/b> \u00ab\u00a0Introduction to da Costa&rsquo;s Examination of Pharisaic Traditions\u00a0\u00bb, <em>Examination of Pharisaic Traditions<\/em>, U. da Costa (aut.), H. P. Salomon et I. S. D. Sassoon (trad.), Leyde, E. J. Brill.<br \/>\n<span id=\"SAPERSTEINEIA\" class=\"ancres\"><\/span><br \/>\n<b>SAPERSTEIN, Marc, 2005. <\/b> <em>Exile in Amsterdam. Saul Levi Morteira\u2019s Sermons to a Congregation of \u2018New Jews\u2019<\/em>, J\u00e9rusalem, Hebrew Union College Press.<br \/>\n<span id=\"SAPERSTEINYVL\" class=\"ancres\"><\/span><br \/>\n<b>SAPERSTEIN, Marc, 1998. <\/b> <em>\u2018Your Voice Like a Ram\u2019s Horn\u2019. Themes and Texts in Traditional Jewish Preaching<\/em>, Cincinnati, Hebrew Union College Press.<br \/>\n<span id=\"SAPERSTEINSLM\" class=\"ancres\"><\/span><br \/>\n<b>SAPERSTEIN, Marc, 1991. <\/b> \u00ab Saul Levi Morteira\u2019s Treatise on the Immortality of the Soul \u00bb, <em>Studia Rosenthaliana<\/em>, vol. XXV, n. 2, p. 131 \u2013 148.<br \/>\n<span id=\"SAPERSTEINJPA\" class=\"ancres\"><\/span><br \/>\n<b>SAPERSTEIN, Marc, 1989.<\/b> <em>Jewish Preaching. An anthology<\/em>, Yale University Press.<br \/>\n<span id=\"SARAIVAAVM\" class=\"ancres\"><\/span><br \/>\n<b>SARAIVA, Ant\u00f4nio Jos\u00e9, 1992.<\/b> \u00ab\u00a0Ant\u00f3nio Vieira, Menasseh ben Israel e o Quinto Imp\u00e9rio\u00a0\u00bb, <em>Hist\u00f3ria e Utopia. Estudos sobre Vieira<\/em>, Lisboa, Icalp.<br \/>\n<span id=\"SARAIVAIEC\" class=\"ancres\"><\/span><br \/>\n<b>SARAIVA, Ant\u00f4nio Jos\u00e9, 1985 [1969].<\/b> <em>Inquisi\u00e7\u00e3o e crist\u00e3os-novos<\/em>, 5 ed., Lisboa, Estampa.<br \/>\n<span id=\"SARAIVAAVMB\" class=\"ancres\"><\/span><br \/>\n<b>SARAIVA, Ant\u00f4nio Jos\u00e9, 1972.<\/b> \u00ab\u00a0Ant\u00f3nio Vieira, Menasseh ben Israel et le cinqui\u00e8me empire\u00a0\u00bb, <em>Studia Rosenthaliana<\/em>, vol. VI, p. 25 \u2013 56.<br \/>\n<span id=\"SARAIVATMF\" class=\"ancres\"><\/span><br \/>\n<b>SARAIVA, Ant\u00f4nio Jos\u00e9, SALOMON, H. P. et SASSOON, S. D., 2001.<\/b> <em>The Marrano Factory. The Portuguese Inquisition and Its New Christians 1536 \u2013 1765<\/em>, Leyde, E. J. Brill.<br \/>\n<span id=\"SCHOLEMSTL\" class=\"ancres\"><\/span><br \/>\n<b>SCHOLEM, Gershom, 1983. <\/b> <em>Sabbata\u00ef Zevi. Le Messie Mystique, 1626 \u2013 1676<\/em>, M. J. Jolivet et A. Nouss (trad.), Paris, Verdier.<br \/>\n<span id=\"SCHOLEMSZT\" class=\"ancres\"><\/span><br \/>\n<b>SCHOLEM, Gershom, 1973.<\/b> <em>Sabbata\u00ef Zevi. The Mystical Messiah (1626 \u2013 1676)<\/em>, Londres, Routledge and K. Paul.<br \/>\n<span id=\"SERARIUSRAE\" class=\"ancres\"><\/span><br \/>\n<b>SERRARIUS, Petrus [SERRARIUS, Pierre Serrurier], 1667a.<\/b> <em>Responsio ad exercitationem paradoxam anonymi cujusdam, Cartesianae sectae discipuli, qua philosophiam pro infallibili S. Literas interpretandi norma orbi Christiano obtrudit, non aliter ac olim Israelitae in deserto de conflato sibi aureo vitulo exclamantes, &#8230;<\/em>, Amsterdam, Typis Christophori Cunradi.<br \/>\n<span id=\"SERARIUSAOE\" class=\"ancres\"><\/span><br \/>\n<b>SERRARIUS, Petrus [SERRARIUS, Pierre Serrurier], 1667b.<\/b> <em>Antwoort op Eeen Wonderspreuckigh Tractaet eenes onbenaemden Discipels van Renatus des Cartes<\/em>, Amsterdam, Typis Christophori Cunradi.<br \/>\n<span id=\"SHEPPARDWIS\" class=\"ancres\"><\/span><br \/>\n<b>SHEPPARD, Eugene R., 2016. <\/b> \u00ab\u00a0What if Spinoza had repented ?\u00a0\u00bb, <em>What ifs of Jewish History. From Abraham to Zionism<\/em>, G. D. Rosenfeld (ed.), Cambridge University Press.<br \/>\n<span id=\"SHEPARDTBO\" class=\"ancres\"><\/span><br \/>\n<b>SHEPARD, Sanford, 1971.<\/b> \u00ab\u00a0The background of Uriel da Costa&rsquo;s heresy. Marranism, scepticism, karaism\u00a0\u00bb, <em>Judaism<\/em>, vol. XX, p. 341 \u2013 350.<br \/>\n<span id=\"DASILVATDI\" class=\"ancres\"><\/span><br \/>\n<b>DA SILVA, Samuel, 1624.<\/b> \u00ab\u00a0Tratado da Imortalidade da Alma\u00a0\u00bb, <em>Exame das tradi\u00e7\u00f5es farisaicas<\/em>, U. da Costa (aut.), avec <em>Tratado da Imortalidade da alma<\/em> de Samuel da Silva, H. P. Salomon et I. S. D. Sasson (eds.), Braga, Edi\u00e7\u00f5es APPACDM Distrital de Braga, p. 455 \u2013 572.<br \/>\n<span id=\"SILVERAITD\" class=\"ancres\"><\/span><br \/>\n<b>SILVERA, Miriam, 1995.<\/b> \u00ab\u00a0Il &lsquo;Tratado da verdade da Lei de Mois\u00e9s&rsquo; di Saul Levi Mortera e i &lsquo;miracoli nascosti&rsquo; nella natura e neal storia. Assonanze concettuali nel &lsquo;Tratato teologico-politico'\u00a0\u00bb, <em>L&rsquo;h\u00e9r\u00e9sie spinoziste<\/em>, Atti Seminario Internazionale, P. Cristofolini (dir.), Maarssen, APA-Holland, p. 13 \u2013 24.<br \/>\n<span id=\"SINGERLDD\" class=\"ancres\"><\/span><br \/>\n<b>SINGER, Isaac Bashevis, 2003. <\/b> <em>La destruction de Kreshev<\/em>, Paris, Gallimard Folio.<br \/>\n<span id=\"SMITHRAT\" class=\"ancres\"><\/span><br \/>\n<b>SMITH, Georg Leslie, 1973.<\/b> <em>Religion and Trade in the New Netherland<\/em>, Londres, Cornell University Press.<br \/>\n<span id=\"SOCINBFP\" class=\"ancres\"><\/span><br \/>\n<b>SOCIN, Fausto, et alii, 1656.<\/b> <em>Bibliotheca Fratrum Polonorum quos Unitarios vocant, instructa operibus omnibus Fausti Socini Senensis,&#8230; Johannis Crellii Franci, Jonae Slichtingii \u00e0 Bucowietz&#8230; et Johannis Ludovici Wolzogenii&#8230; Quae omnia simul juncta totius Novi Testamenti explicationem complectuntur<\/em>, 8 vols., Irenopoli [Amsterdam], post annum Domini. Disponible <a href=\"https:\/\/books.google.com.br\/books?id=mjdjAAAAcAAJ&#038;printsec=frontcover&#038;hl=pt-BR&#038;source=gbs_ge_summary_r&#038;cad=0#v=onepage&#038;q&#038;f=false\" target=\"_blank\">ici<\/a>.<br \/>\n<span id=\"SONNELMA\" class=\"ancres\"><\/span><br \/>\n<b>SONNE, Isaiah, 1948.<\/b> \u00ab\u00a0Leon Modena and the Da Costa Circle in Amsterdam\u00a0\u00bb, <em>Hebrew Union College Annual<\/em>, vol. XXI, p. 1 \u2013 28.<br \/>\n<span id=\"SPIERTZLEC\" class=\"ancres\"><\/span><br \/>\n<b>SPIERTZ, M. G., 1975.<\/b> <em>L&rsquo;Eglise catholique des Provinces-Unies et le Saint-Si\u00e8ge pendant la deuxi\u00e8me moiti\u00e9 du XVIIe si\u00e8cle<\/em>, Bureaux de la R. H. E., Louvain, Biblioth\u00e8que de L&rsquo;Universit\u00e9 de Louvain.<br \/>\n<span id=\"SPRUITMBI\" class=\"ancres\"><\/span><br \/>\n<b>SPRUIT, Leen, et TOTARO, Pina, 2010. <\/b> \u00ab Menasseh ben Israel e la censura cattolica del De resurrectione \u00bb, <em>Restauri storiografici. Studi in onore di R. H. Popkin<\/em>, C. Hermanin et L. Simonutti (ed.), Firenze, Olschki, p. 385 \u2013 415.<br \/>\n<span id=\"STOUPPELRD\" class=\"ancres\"><\/span><br \/>\n<b>STOUPPE, Jean-Baptiste, 1673.<\/b> <em>La religion des Hollandais, repr\u00e9sent\u00e9e en plusieurs lettres \u00e9crites par un Officier de l\u2019Arm\u00e9e du Roi, \u00e0 un pasteur et professeur en th\u00e9ologie de Berne<\/em>, Cologne, Pierre Marteau.<br \/>\n<span id=\"SWETSCHINSKIURD\" class=\"ancres\"><\/span><br \/>\n<b>SWETSCHINSKI, Daniel W., 1996.<\/b> \u00ab\u00a0Un refus de m\u00e9moire. Les juifs portugais d&rsquo;Amsterdam et leur pass\u00e9 marrane\u00a0\u00bb, <em>M\u00e9moires Juives d&rsquo;Espagne et du Portugal<\/em>, E. Benbassa (ed.), Publisud.<br \/>\n<span id=\"SWETSCHINSKIKAC\" class=\"ancres\"><\/span><br \/>\n<b>SWETSCHINSKI, Daniel W., 1981. <\/b> \u00ab Kinship and commerce. The Foundation of Portuguese Jewish Life in Seventeenth-Century Holland \u00bb, <em>Studia Rosenthaliana<\/em>, vol. XV, p. 52 \u2013 74.<br \/>\n<span id=\"SWETSCHINSKITPJ\" class=\"ancres\"><\/span><br \/>\n<b>SWETSCHINSKI, Daniel W., 1977. <\/b> <em>The Portuguese-Jewish Merchants of Seventeenth Century Amsterdam. A Social Profile<\/em>, Brandeis University, Ann Arbor, University of Michigan Microfilms.<br \/>\n<span id=\"VANDENBERGPPT\" class=\"ancres\"><\/span><br \/>\n<b>VAN DEN BERG, Johannes, 1988.<\/b> \u00ab\u00a0Proto-Protestants ? The Image of the Karaites as a Mirror of the Catholic-Protestant Controversy in the Seventeenth Century\u00a0\u00bb, <em>Jewish-Christian Relations in the Seventeenth Century. Studies and Documents<\/em>, J. van den Berg et E. van der Wall (eds.), Dordrecht\/Boston\/Londres, Kluwer Academic Publishers, p. 33 \u2013 49.<br \/>\n<span id=\"VANDENBERGQAC\" class=\"ancres\"><\/span><br \/>\n<b>VAN DEN BERG, Johannes, 1977.<\/b> \u00ab\u00a0Quaker and Chiliast. The &lsquo;contrary thoughts&rsquo; of William Ames and Petrus Serrarius\u00a0\u00bb, <em>Reformation, Conformity and Dissent<\/em>, R. Buick Knox (ed.), Londres, Epworth Press, p. 180 \u2013 198.<br \/>\n<span id=\"VANDENBERGJCR\" class=\"ancres\"><\/span><br \/>\n<b>VAN DEN BERG, Johannes, et VAN DER WALL, Ernestine G. E., 1988. <\/b> <em> Jewish-Christian Relations in the Seventeenth Century. Studies and Documents<\/em>, Springer.<br \/>\n<span id=\"VANDENBESSELAARVEA\" class=\"ancres\"><\/span><br \/>\n<b>VAN DEN BESSELAAR, J., 1971.<\/b> <em>Vieira e a Holanda<\/em>, Separata de la <em>Revista da Faculdade de Letras de Lisboa<\/em>, s\u00e9rie III, n. 14.<br \/>\n<span id=\"VANDERDOESABS\" class=\"ancres\"><\/span><br \/>\n<b>VAN DER DOES, Marthe, 1974. <\/b> <em>Antoinette Bourignon. Sa Vie (1616 \u2013 1680) Son \u0152uvre<\/em>, Amsterdam, V.R.B.-Offsetdrukkerij.<br \/>\n<span id=\"VANDERHAVENFLM\" class=\"ancres\"><\/span><br \/>\n<b>VAN DER HAVEN, Alexander, 2012.<\/b> <em>From Lowly Metaphor to Divine Flesh. Sarah the Ashkenazi, Sabbatai Tsevi\u2019s Messianic Queen and the Sabbatian Movement (Menasseh ben Israel Instituut Studies, VII)<\/em>, Amsterdam, Menasseh ben Israel Instituut.<br \/>\n<span id=\"VANDERWALLPET\" class=\"ancres\"><\/span><br \/>\n<b>VAN DER WALL, Ernestine G. E., 2006. <\/b> \u00ab Petrus Serrarius \u00bb, <em>Biografisch Lexicon voor de geschiedenis van het Nederlandse protestantisme<\/em>, n. 6, Kampen, p. 290 \u2013 292. Disponible <a href=\"https:\/\/openaccess.leidenuniv.nl\/handle\/1887\/12146\" target=\"_blank\">ici<\/a>.<br \/>\n<span id=\"VANDERWALLTTT\" class=\"ancres\"><\/span><br \/>\n<b>VAN DER WALL, Ernestine G. E., 1995.<\/b> \u00ab\u00a0The Tractatus Theologico-Politicus and Dutch Calvinism, 1670 \u2013 1700\u00a0\u00bb, <em>Studia Spinozana<\/em>, vol. XI, p. 201 \u2013 226.<br \/>\n<span id=\"VANDERWALLOAS\" class=\"ancres\"><\/span><br \/>\n<b>VAN DER WALL, Ernestine G. E., 1993.<\/b> \u00ab\u00a0Orthodoxy and Scepticism in the early Dutch Enlightenment\u00a0\u00bb, <em>Scepticism and Irreligion<\/em>, R. H. Popkin et A. Vanderjagt (eds.), p. 121 \u2013 141.<br \/>\n<span id=\"VANDERWALLPSE\" class=\"ancres\"><\/span><br \/>\n<b>VAN DER WALL, Ernestine G. E., 1989a. <\/b> \u00ab Petrus Serrarius (1600 \u2013 1669) et le mill\u00e9narisme mystique \u00bb, <em>Le Grand Si\u00e8cle et la Bible<\/em>, J.-R. Armogathe (ed.), Paris, Bible de tous les temps, p. 155 \u2013 168. Disponible <a href=\"https:\/\/openaccess.leidenuniv.nl\/handle\/1887\/8261\" target=\"_blank\">ici<\/a>.<br \/>\n<span id=\"VANDERWALLPSA\" class=\"ancres\"><\/span><br \/>\n<b>VAN DER WALL, Ernestine G. E., 1989b. <\/b> \u00ab Petrus Serrarius and Menasseh Ben Isra\u00ebl. Christian Millenarianism and Jewish Messianism in seventeenth century Amsterdam \u00bb, <em>Menasseh ben Israel and His World<\/em>, Y. Kaplan, H. M\u00e9choulan, R. H. Popkin (eds.), Leyde, E. J. Brill, p. 164 \u2013 190. Disponible <a href=\"https:\/\/openaccess.leidenuniv.nl\/handle\/1887\/8262\" target=\"_blank\">ici<\/a>.<br \/>\n<span id=\"VANDERWALLDMC\" class=\"ancres\"><\/span><br \/>\n<b>VAN DER WALL, Ernestine G. E., 1987.<\/b> <em>De Mystieke Chiliast Petrus Serrarius (1600 \u2013 1669) en zijn wereld<\/em>, Leyde.<br \/>\n<span id=\"VANDERWALLPS1\" class=\"ancres\"><\/span><br \/>\n<b>VAN DER WALL, Ernestine G. E., 1985.<\/b> \u00ab\u00a0Petrus Serrarius (1600 \u2013 1669) et l&rsquo;interpr\u00e9tation de l&rsquo;\u00c9criture\u00a0\u00bb, <em>Cahiers Spinoza<\/em>, vol. V, p. 187 \u2013 217.<br \/>\n<span id=\"VANDERWALLDHT\" class=\"ancres\"><\/span><br \/>\n<b>VAN DER WALL, Ernestine G. E., 1982. <\/b> \u00ab De hemelse tekenen en het rijk van Christus op aarde. Chiliasme en astrologie bij Petrus Serrarius (1600 \u2013 1669) \u00bb, <em>Kerkhistorische Studi\u00ebn<\/em>, Leyde, p. 45 \u2013 64. Disponible <a href=\"https:\/\/openaccess.leidenuniv.nl\/handle\/1887\/8256\" target=\"_blank\">ici<\/a>.<br \/>\n<span id=\"VANDERWALLTAM\" class=\"ancres\"><\/span><br \/>\n<b>VAN DER WALL, Ernestine G. E. et VAN DEN BERG, Johannes, 1988. <\/b> \u00ab The Amsterdam Millenarian Petrus Serrarius (1600 \u2013 1669) and the Anglo-Dutch Circle of Philo-Judaists \u00bb, <em>Jewish-Christian Relations in the Seventeenth Century. Studies and Documents<\/em>, Dordrecht, p. 73 \u2013 94. Disponible <a href=\"https:\/\/openaccess.leidenuniv.nl\/handle\/1887\/12128\" target=\"_blank\">ici<\/a>.<br \/>\n<span id=\"VERDOONERTIM\" class=\"ancres\"><\/span><br \/>\n<b>VERDOONER, Dave et SNEL, Harmen, 1992. <\/b> <em>Trouwen in Mokum. Jewish Marriage in Amsterdam, 1598 \u2013 1811<\/em>, La Haye, Warray.<br \/>\n<span id=\"VLESSINGTEO\" class=\"ancres\"><\/span><br \/>\n<b>VLESSING, Odile, 2012. <\/b> \u00ab The excommunication of Baruch Spinoza. A conflict between Jewish and Dutch Law \u00bb, <em>Studia Spinozana<\/em>, vol. XIII, p. 15 \u2013 47.<br \/>\n<span id=\"VLESSINGTJC\" class=\"ancres\"><\/span><br \/>\n<b>VLESSING, Odile, 1996. <\/b> \u00ab The Jewish Community in Transition. From Acceptance to Emancipation \u00bb, <em>Studia Rosenthaliana<\/em>, vol. XXX, p. 195 \u2013 211.<br \/>\n<span id=\"VLESSINGNLO\" class=\"ancres\"><\/span><br \/>\n<b>VLESSING, Odile, 1993. <\/b> \u00ab New Light on the Earliest History of the Amsterdam Portuguese Jews \u00bb, <em>Dutch Jewish History<\/em>, vol. III, Assen, Van Gorcum.<br \/>\n<span id=\"VRANCKENTID\" class=\"ancres\"><\/span><br \/>\n<b>VRANCKEN, L., 1985.<\/b> \u00ab\u00a0Tienen in de eindfase van 80-jarige oorlog 1621 \u2013 1648\u00a0\u00bb, <em>Tienen 1635. Geschiedenis van een Brabantse stad in de zeventiende eeuw van 19 oktober tot 15 december 1985<\/em>, Tienen, Gemeentekrediet-Museum Het Toreke, p. 35 \u2013 54.<br \/>\n<span id=\"WILKELMM\" class=\"ancres\"><\/span><br \/>\n<b>WILKE, Carsten L., 2007a. <\/b> \u00ab\u00a0Le &lsquo;Messie mystique&rsquo; et la Bourse d\u2019Amsterdam, le 3 mai 1666\u00a0\u00bb, <em>SEFARAD<\/em>, vol. 67, n. 1, p. 191 \u2013 211.<br \/>\n<span id=\"WILKEHDJ\" class=\"ancres\"><\/span><br \/>\n<b>WILKE, Carsten L., 2007b.<\/b> <em>Histoire des Juifs Portugais<\/em>, Paris, Chandeigne.<br \/>\n<span id=\"WILKECOR\" class=\"ancres\"><\/span><br \/>\n<b>WILKE, Carsten L., 1996.<\/b> \u00ab\u00a0Conversion ou retour ? La m\u00e9tamorphose du nouveau chr\u00e9tien en juif portugais dans l&rsquo;imaginaire s\u00e9pharade du XVIIe si\u00e8cle\u00a0\u00bb, <em>M\u00e9moires Juives d&rsquo;Espagne et du Portugal<\/em>, E. Benbassa (ed.), Publisud, p. 53 \u2013 67.<br \/>\n<span id=\"WIZNITZERTJO\" class=\"ancres\"><\/span><br \/>\n<b>WIZNITZER, Arnold, 1960. <\/b> <em>The Jews of Colonial Brazi<\/em>l, New York, Columbia University Press.<br \/>\n<span id=\"WIZNITZERTMA\" class=\"ancres\"><\/span><br \/>\n<b>WIZNITZER, Arnold, 1958\/1959. <\/b> \u00ab The Merger Agreement and the Regulations of Congregation \u2018Talmud Torah\u2019 of Amsterdam (1638 \u2013 1639) \u00bb, <em>Historia Judaica<\/em>, n. 20 \u2013 21, p. 109 \u2013 132.<br \/>\n<span id=\"WOLFMBI\" class=\"ancres\"><\/span><br \/>\n<b>WOLF, Lucien, 1901. <\/b> <em>Menasseh ben Israel\u2019s Mission to Oliver Cromwell<\/em>, Londres, Macmillan and Co.<br \/>\n<span id=\"YERUSHALMISES\" class=\"ancres\"><\/span><br \/>\n<b>YERUSHALMI, Y. H., 1998.<\/b> <em>Sefardica. Essais sur l&rsquo;histoire des Juifs, des marranes et des nouveaux-chr\u00e9tiens d&rsquo;origine hispano-portugaise<\/em>, Paris, Chandeigne.<br \/>\n<span id=\"YOVELLAM\" class=\"ancres\"><\/span><br \/>\n<b>YOVEL, Yirmiyahu, 2011. <\/b> <em>L\u2019aventure marrane. Juda\u00efsme et modernit\u00e9<\/em>, B. Bonne (trad.), Paris, Seuil.<br \/>\n<span id=\"YOVELSEA\" class=\"ancres\"><\/span><br \/>\n<b>YOVEL, Yirmiyahu, 1991. <\/b> <em>Spinoza et autres h\u00e9r\u00e9tiques<\/em>, E. Beaumatin et J. Lagr\u00e9e (trad.), Paris, Seuil, 1991.<br \/>\n<span id=\"YOVELSAO\" class=\"ancres\"><\/span><br \/>\n<b>YOVEL, Yirmiyahu, 1989. <\/b> <em>Spinoza and Other Heretics. Volume I. The Marrano of Reason<\/em>, Princeton, Princeton University Press.<br \/>\n<span id=\"YOVELMED\" class=\"ancres\"><\/span><br \/>\n<b>YOVEL, Yirmiyahu, 1980.<\/b> \u00ab\u00a0Marranisme et dissidence. Spinoza et quelques pr\u00e9d\u00e9cesseurs\u00a0\u00bb, <em>Cahiers Spinoza<\/em>, vol. III, Paris, R\u00e9publique.<br \/>\n<span id=\"ZANGWILLRDG\" class=\"ancres\"><\/span><br \/>\n<b>ZANGWILL, Isra\u00ebl, 1898. <\/b> <em>R\u00eaveurs du ghetto<\/em>, M.-B. Spire (ed. et trad.), Paris, Editions Complexe, 1994.<br \/>\n<span id=\"ZWINGLIDLP\" class=\"ancres\"><\/span><br \/>\n<b>ZWINGLI, Ulrich, 1989.<\/b> <em>De la parole de Dieu<\/em>, J. Courvoisier (trad.), Paris, Beauchesne.<\/p>\n","protected":false},"excerpt":{"rendered":"<p>ANONYME, 2015. Les Fioretti de saint Fran\u00e7ois. Et autres textes de la tradition franciscaine, A. Masseron (ed. et trad.), Paris, Points. ANONYME, 1981. Theophrastus redivivus, G. Canziani et G. Paganini [&hellip;]<\/p>\n","protected":false},"author":1,"featured_media":0,"comment_status":"open","ping_status":"open","sticky":false,"template":"","format":"chat","meta":{"footnotes":""},"categories":[20],"tags":[],"class_list":["post-397","post","type-post","status-publish","format-chat","hentry","category-judaismes-et-christianismes","post_format-post-format-chat"],"yoast_head":"<!-- This site is optimized with the Yoast SEO plugin v25.1 - https:\/\/yoast.com\/wordpress\/plugins\/seo\/ -->\n<title>Le Clan Spinoza - Maxime Rovere - Juda\u00efsmes et christianismes<\/title>\n<meta name=\"description\" content=\"Tout en donnant les sources et les analyses auxquelles nous avons puis\u00e9, nous indiquons ici un maximum d\u2019ouvrages \u00e9crits par les personnages du Clan Spinoza\" \/>\n<meta name=\"robots\" content=\"index, follow, max-snippet:-1, max-image-preview:large, max-video-preview:-1\" \/>\n<link rel=\"canonical\" href=\"https:\/\/leclanspinoza.fr\/social\/judaismes-et-christianismes\/\" \/>\n<meta property=\"og:locale\" content=\"fr_FR\" \/>\n<meta property=\"og:type\" content=\"article\" \/>\n<meta property=\"og:title\" content=\"Le Clan Spinoza - Maxime Rovere - Juda\u00efsmes et christianismes\" \/>\n<meta property=\"og:description\" content=\"Tout en donnant les sources et les analyses auxquelles nous avons puis\u00e9, nous indiquons ici un maximum d\u2019ouvrages \u00e9crits par les personnages du Clan Spinoza\" \/>\n<meta property=\"og:url\" content=\"https:\/\/leclanspinoza.fr\/social\/judaismes-et-christianismes\/\" \/>\n<meta property=\"og:site_name\" content=\"Le Clan Spinoza | Maxime Rovere\" \/>\n<meta property=\"article:published_time\" content=\"2017-07-03T12:55:11+00:00\" \/>\n<meta property=\"article:modified_time\" content=\"2020-02-10T09:57:02+00:00\" \/>\n<meta name=\"author\" content=\"admin\" \/>\n<meta name=\"twitter:card\" content=\"summary_large_image\" \/>\n<meta name=\"twitter:label1\" content=\"\u00c9crit par\" \/>\n\t<meta name=\"twitter:data1\" content=\"admin\" \/>\n\t<meta name=\"twitter:label2\" content=\"Dur\u00e9e de lecture estim\u00e9e\" \/>\n\t<meta name=\"twitter:data2\" content=\"35 minutes\" \/>\n<script type=\"application\/ld+json\" class=\"yoast-schema-graph\">{\"@context\":\"https:\/\/schema.org\",\"@graph\":[{\"@type\":\"Article\",\"@id\":\"https:\/\/leclanspinoza.fr\/social\/judaismes-et-christianismes\/#article\",\"isPartOf\":{\"@id\":\"https:\/\/leclanspinoza.fr\/social\/judaismes-et-christianismes\/\"},\"author\":{\"name\":\"admin\",\"@id\":\"https:\/\/leclanspinoza.fr\/social\/#\/schema\/person\/7d0ba1221428d09be393d8958e29bae9\"},\"headline\":\"Juda\u00efsmes et christianismes\",\"datePublished\":\"2017-07-03T12:55:11+00:00\",\"dateModified\":\"2020-02-10T09:57:02+00:00\",\"mainEntityOfPage\":{\"@id\":\"https:\/\/leclanspinoza.fr\/social\/judaismes-et-christianismes\/\"},\"wordCount\":6971,\"commentCount\":0,\"publisher\":{\"@id\":\"https:\/\/leclanspinoza.fr\/social\/#\/schema\/person\/3fdda1c074eb77c2ae0d6ed29fb3ce5e\"},\"articleSection\":[\"Judaismes et christianismes\"],\"inLanguage\":\"fr-FR\",\"potentialAction\":[{\"@type\":\"CommentAction\",\"name\":\"Comment\",\"target\":[\"https:\/\/leclanspinoza.fr\/social\/judaismes-et-christianismes\/#respond\"]}]},{\"@type\":\"WebPage\",\"@id\":\"https:\/\/leclanspinoza.fr\/social\/judaismes-et-christianismes\/\",\"url\":\"https:\/\/leclanspinoza.fr\/social\/judaismes-et-christianismes\/\",\"name\":\"Le Clan Spinoza - Maxime Rovere - Juda\u00efsmes et christianismes\",\"isPartOf\":{\"@id\":\"https:\/\/leclanspinoza.fr\/social\/#website\"},\"datePublished\":\"2017-07-03T12:55:11+00:00\",\"dateModified\":\"2020-02-10T09:57:02+00:00\",\"description\":\"Tout en donnant les sources et les analyses auxquelles nous avons puis\u00e9, nous indiquons ici un maximum d\u2019ouvrages \u00e9crits par les personnages du Clan Spinoza\",\"breadcrumb\":{\"@id\":\"https:\/\/leclanspinoza.fr\/social\/judaismes-et-christianismes\/#breadcrumb\"},\"inLanguage\":\"fr-FR\",\"potentialAction\":[{\"@type\":\"ReadAction\",\"target\":[\"https:\/\/leclanspinoza.fr\/social\/judaismes-et-christianismes\/\"]}]},{\"@type\":\"BreadcrumbList\",\"@id\":\"https:\/\/leclanspinoza.fr\/social\/judaismes-et-christianismes\/#breadcrumb\",\"itemListElement\":[{\"@type\":\"ListItem\",\"position\":1,\"name\":\"Accueil\",\"item\":\"https:\/\/leclanspinoza.fr\/social\/\"},{\"@type\":\"ListItem\",\"position\":2,\"name\":\"Juda\u00efsmes et christianismes\"}]},{\"@type\":\"WebSite\",\"@id\":\"https:\/\/leclanspinoza.fr\/social\/#website\",\"url\":\"https:\/\/leclanspinoza.fr\/social\/\",\"name\":\"Le Clan Spinoza | Maxime Rovere\",\"description\":\"Le Clan Spinoza. Amsterdam 1677. L&#039;invention de la libert\u00e9. Un roman \/ une recherche de Maxime Rovere, \u00c9dition Flammarion 2017.\",\"publisher\":{\"@id\":\"https:\/\/leclanspinoza.fr\/social\/#\/schema\/person\/3fdda1c074eb77c2ae0d6ed29fb3ce5e\"},\"potentialAction\":[{\"@type\":\"SearchAction\",\"target\":{\"@type\":\"EntryPoint\",\"urlTemplate\":\"https:\/\/leclanspinoza.fr\/social\/?s={search_term_string}\"},\"query-input\":{\"@type\":\"PropertyValueSpecification\",\"valueRequired\":true,\"valueName\":\"search_term_string\"}}],\"inLanguage\":\"fr-FR\"},{\"@type\":[\"Person\",\"Organization\"],\"@id\":\"https:\/\/leclanspinoza.fr\/social\/#\/schema\/person\/3fdda1c074eb77c2ae0d6ed29fb3ce5e\",\"name\":\"Maxime Rovere\",\"image\":{\"@type\":\"ImageObject\",\"inLanguage\":\"fr-FR\",\"@id\":\"https:\/\/leclanspinoza.fr\/social\/#\/schema\/person\/image\/\",\"url\":\"https:\/\/leclanspinoza.fr\/social\/wp-content\/uploads\/2024\/06\/logoCS-1.jpg\",\"contentUrl\":\"https:\/\/leclanspinoza.fr\/social\/wp-content\/uploads\/2024\/06\/logoCS-1.jpg\",\"width\":847,\"height\":564,\"caption\":\"Maxime Rovere\"},\"logo\":{\"@id\":\"https:\/\/leclanspinoza.fr\/social\/#\/schema\/person\/image\/\"}},{\"@type\":\"Person\",\"@id\":\"https:\/\/leclanspinoza.fr\/social\/#\/schema\/person\/7d0ba1221428d09be393d8958e29bae9\",\"name\":\"admin\",\"image\":{\"@type\":\"ImageObject\",\"inLanguage\":\"fr-FR\",\"@id\":\"https:\/\/leclanspinoza.fr\/social\/#\/schema\/person\/image\/\",\"url\":\"https:\/\/secure.gravatar.com\/avatar\/42ae4c8f2cb9595842580d6a5eba6566431e0936c4d08075ec8915f6346df0e5?s=96&d=mm&r=g\",\"contentUrl\":\"https:\/\/secure.gravatar.com\/avatar\/42ae4c8f2cb9595842580d6a5eba6566431e0936c4d08075ec8915f6346df0e5?s=96&d=mm&r=g\",\"caption\":\"admin\"}}]}<\/script>\n<!-- \/ Yoast SEO plugin. -->","yoast_head_json":{"title":"Le Clan Spinoza - Maxime Rovere - Juda\u00efsmes et christianismes","description":"Tout en donnant les sources et les analyses auxquelles nous avons puis\u00e9, nous indiquons ici un maximum d\u2019ouvrages \u00e9crits par les personnages du Clan Spinoza","robots":{"index":"index","follow":"follow","max-snippet":"max-snippet:-1","max-image-preview":"max-image-preview:large","max-video-preview":"max-video-preview:-1"},"canonical":"https:\/\/leclanspinoza.fr\/social\/judaismes-et-christianismes\/","og_locale":"fr_FR","og_type":"article","og_title":"Le Clan Spinoza - Maxime Rovere - Juda\u00efsmes et christianismes","og_description":"Tout en donnant les sources et les analyses auxquelles nous avons puis\u00e9, nous indiquons ici un maximum d\u2019ouvrages \u00e9crits par les personnages du Clan Spinoza","og_url":"https:\/\/leclanspinoza.fr\/social\/judaismes-et-christianismes\/","og_site_name":"Le Clan Spinoza | Maxime Rovere","article_published_time":"2017-07-03T12:55:11+00:00","article_modified_time":"2020-02-10T09:57:02+00:00","author":"admin","twitter_card":"summary_large_image","twitter_misc":{"\u00c9crit par":"admin","Dur\u00e9e de lecture estim\u00e9e":"35 minutes"},"schema":{"@context":"https:\/\/schema.org","@graph":[{"@type":"Article","@id":"https:\/\/leclanspinoza.fr\/social\/judaismes-et-christianismes\/#article","isPartOf":{"@id":"https:\/\/leclanspinoza.fr\/social\/judaismes-et-christianismes\/"},"author":{"name":"admin","@id":"https:\/\/leclanspinoza.fr\/social\/#\/schema\/person\/7d0ba1221428d09be393d8958e29bae9"},"headline":"Juda\u00efsmes et christianismes","datePublished":"2017-07-03T12:55:11+00:00","dateModified":"2020-02-10T09:57:02+00:00","mainEntityOfPage":{"@id":"https:\/\/leclanspinoza.fr\/social\/judaismes-et-christianismes\/"},"wordCount":6971,"commentCount":0,"publisher":{"@id":"https:\/\/leclanspinoza.fr\/social\/#\/schema\/person\/3fdda1c074eb77c2ae0d6ed29fb3ce5e"},"articleSection":["Judaismes et christianismes"],"inLanguage":"fr-FR","potentialAction":[{"@type":"CommentAction","name":"Comment","target":["https:\/\/leclanspinoza.fr\/social\/judaismes-et-christianismes\/#respond"]}]},{"@type":"WebPage","@id":"https:\/\/leclanspinoza.fr\/social\/judaismes-et-christianismes\/","url":"https:\/\/leclanspinoza.fr\/social\/judaismes-et-christianismes\/","name":"Le Clan Spinoza - Maxime Rovere - Juda\u00efsmes et christianismes","isPartOf":{"@id":"https:\/\/leclanspinoza.fr\/social\/#website"},"datePublished":"2017-07-03T12:55:11+00:00","dateModified":"2020-02-10T09:57:02+00:00","description":"Tout en donnant les sources et les analyses auxquelles nous avons puis\u00e9, nous indiquons ici un maximum d\u2019ouvrages \u00e9crits par les personnages du Clan Spinoza","breadcrumb":{"@id":"https:\/\/leclanspinoza.fr\/social\/judaismes-et-christianismes\/#breadcrumb"},"inLanguage":"fr-FR","potentialAction":[{"@type":"ReadAction","target":["https:\/\/leclanspinoza.fr\/social\/judaismes-et-christianismes\/"]}]},{"@type":"BreadcrumbList","@id":"https:\/\/leclanspinoza.fr\/social\/judaismes-et-christianismes\/#breadcrumb","itemListElement":[{"@type":"ListItem","position":1,"name":"Accueil","item":"https:\/\/leclanspinoza.fr\/social\/"},{"@type":"ListItem","position":2,"name":"Juda\u00efsmes et christianismes"}]},{"@type":"WebSite","@id":"https:\/\/leclanspinoza.fr\/social\/#website","url":"https:\/\/leclanspinoza.fr\/social\/","name":"Le Clan Spinoza | Maxime Rovere","description":"Le Clan Spinoza. Amsterdam 1677. L&#039;invention de la libert\u00e9. Un roman \/ une recherche de Maxime Rovere, \u00c9dition Flammarion 2017.","publisher":{"@id":"https:\/\/leclanspinoza.fr\/social\/#\/schema\/person\/3fdda1c074eb77c2ae0d6ed29fb3ce5e"},"potentialAction":[{"@type":"SearchAction","target":{"@type":"EntryPoint","urlTemplate":"https:\/\/leclanspinoza.fr\/social\/?s={search_term_string}"},"query-input":{"@type":"PropertyValueSpecification","valueRequired":true,"valueName":"search_term_string"}}],"inLanguage":"fr-FR"},{"@type":["Person","Organization"],"@id":"https:\/\/leclanspinoza.fr\/social\/#\/schema\/person\/3fdda1c074eb77c2ae0d6ed29fb3ce5e","name":"Maxime Rovere","image":{"@type":"ImageObject","inLanguage":"fr-FR","@id":"https:\/\/leclanspinoza.fr\/social\/#\/schema\/person\/image\/","url":"https:\/\/leclanspinoza.fr\/social\/wp-content\/uploads\/2024\/06\/logoCS-1.jpg","contentUrl":"https:\/\/leclanspinoza.fr\/social\/wp-content\/uploads\/2024\/06\/logoCS-1.jpg","width":847,"height":564,"caption":"Maxime Rovere"},"logo":{"@id":"https:\/\/leclanspinoza.fr\/social\/#\/schema\/person\/image\/"}},{"@type":"Person","@id":"https:\/\/leclanspinoza.fr\/social\/#\/schema\/person\/7d0ba1221428d09be393d8958e29bae9","name":"admin","image":{"@type":"ImageObject","inLanguage":"fr-FR","@id":"https:\/\/leclanspinoza.fr\/social\/#\/schema\/person\/image\/","url":"https:\/\/secure.gravatar.com\/avatar\/42ae4c8f2cb9595842580d6a5eba6566431e0936c4d08075ec8915f6346df0e5?s=96&d=mm&r=g","contentUrl":"https:\/\/secure.gravatar.com\/avatar\/42ae4c8f2cb9595842580d6a5eba6566431e0936c4d08075ec8915f6346df0e5?s=96&d=mm&r=g","caption":"admin"}}]}},"_links":{"self":[{"href":"https:\/\/leclanspinoza.fr\/social\/wp-json\/wp\/v2\/posts\/397","targetHints":{"allow":["GET"]}}],"collection":[{"href":"https:\/\/leclanspinoza.fr\/social\/wp-json\/wp\/v2\/posts"}],"about":[{"href":"https:\/\/leclanspinoza.fr\/social\/wp-json\/wp\/v2\/types\/post"}],"author":[{"embeddable":true,"href":"https:\/\/leclanspinoza.fr\/social\/wp-json\/wp\/v2\/users\/1"}],"replies":[{"embeddable":true,"href":"https:\/\/leclanspinoza.fr\/social\/wp-json\/wp\/v2\/comments?post=397"}],"version-history":[{"count":18,"href":"https:\/\/leclanspinoza.fr\/social\/wp-json\/wp\/v2\/posts\/397\/revisions"}],"predecessor-version":[{"id":725,"href":"https:\/\/leclanspinoza.fr\/social\/wp-json\/wp\/v2\/posts\/397\/revisions\/725"}],"wp:attachment":[{"href":"https:\/\/leclanspinoza.fr\/social\/wp-json\/wp\/v2\/media?parent=397"}],"wp:term":[{"taxonomy":"category","embeddable":true,"href":"https:\/\/leclanspinoza.fr\/social\/wp-json\/wp\/v2\/categories?post=397"},{"taxonomy":"post_tag","embeddable":true,"href":"https:\/\/leclanspinoza.fr\/social\/wp-json\/wp\/v2\/tags?post=397"}],"curies":[{"name":"wp","href":"https:\/\/api.w.org\/{rel}","templated":true}]}}