{"id":388,"date":"2017-07-03T10:35:07","date_gmt":"2017-07-03T08:35:07","guid":{"rendered":"http:\/\/www.leclanspinoza.com\/?p=388"},"modified":"2020-02-10T10:58:49","modified_gmt":"2020-02-10T09:58:49","slug":"vivre-au-xviie-siecle","status":"publish","type":"post","link":"https:\/\/leclanspinoza.fr\/social\/vivre-au-xviie-siecle\/","title":{"rendered":"Vivre au XVIIe si\u00e8cle"},"content":{"rendered":"<p><span id=\"ANONYMEPDL\" class=\"ancres\"><\/span><br \/>\n<b>ANONYME, 1674. <\/b> \u00ab\u00a0Particularit\u00e9s de la conspiration et la mort du chevalier de Rohan, de la marquise de Villars, de Van den Ende, etc., tir\u00e9es d\u2019un manuscrit de l\u2019abbaye royale de Sainte-Genevi\u00e8ve\u00a0\u00bb, <em>Vari\u00e9t\u00e9s historiques et litt\u00e9raires<\/em>, tome II. Disponible <a href=\"https:\/\/fr.wikisource.org\/wiki\/Particularit\u00e9s_de_la_conspiration_et_la_mort_du_chevalier_de_Rohan,_de_la_marquise_de_Villars,_de_Van_den_Ende,_etc.#lien_7\" target=\"_blank\">ici<\/a>.<br \/>\n<span id=\"ALMAGORPDM\" class=\"ancres\"><\/span><br \/>\n<b>ALMAGOR, Joseph, 1989.<\/b> <em>Pierre des Maizeaux (1673 \u2013 1745)<\/em>, Amsterdam.<br \/>\n<span id=\"ALPERSTAO\" class=\"ancres\"><\/span><br \/>\n<b>ALPERS, S., 1983.<\/b> <em>The Art of Describing. Dutch Art in the Seventeenth Century<\/em>, Chicago, University of Chicago Press.<br \/>\n<span id=\"ARIESLEE\" class=\"ancres\"><\/span><br \/>\n<b>ARIES, Philippe, 1973.<\/b> <em>L&rsquo;enfant et la vie familiale sous l&rsquo;Ancien R\u00e9gime<\/em>, Paris, Seuil.<br \/>\n<span id=\"BEGUINLPD\" class=\"ancres\"><\/span><br \/>\n<b>BEGUIN, Katia, 1999.<\/b> <em>Les princes de Cond\u00e9<\/em>, Paris, Champ Vallon.<br \/>\n<span id=\"BODEMANNBDH\" class=\"ancres\"><\/span><br \/>\n<b>BODEMANN, E. (ed.), 1885.<\/b> <em>Briefwechsel der Herzogin Sophie von Hannover mit ihrem Bruder [&#8230;]<\/em>, Leipzig, Hirzel.<br \/>\n<span id=\"BONDADMN\" class=\"ancres\"><\/span><br \/>\n<b> BONDA, Jan Willem, 1996. <\/b> <em> De meerstemmige Nederlandse liederen van de vijftiende en zestiende eeuw<\/em>, Hilversum, Verloren.<br \/>\n<span id=\"BOTSLID\" class=\"ancres\"><\/span><br \/>\n<b>BOTS, Hans, 1996.<\/b> \u00ab\u00a0L\u2019image de la France dans les Provinces-Unies\u00a0\u00bb, <em>L\u2019Etat classique, 1652 \u2013 1715<\/em>, H. M\u00e9choulan et J. Cornette (eds.), Paris, Vrin.<br \/>\n<span id=\"BRAUDELLMI\" class=\"ancres\"><\/span><br \/>\n<b>BRAUDEL, Fernand, 1989. <\/b> <em>Le Mod\u00e8le Italien<\/em>, Paris, Arthaud.<br \/>\n<span id=\"CAINEFAH\" class=\"ancres\"><\/span><br \/>\n<b>CAINE, Barbara (ed.), 2009. <\/b> <em>Friendship. A History<\/em>, Londres, Equinox Press.<br \/>\n<span id=\"CHARTIERLOD\" class=\"ancres\"><\/span><br \/>\n<b>CHARTIER, Roger, 1992. <\/b> <em>L\u2019Ordre des livres. Lectures, auteurs, biblioth\u00e8ques en Europe entre XIVe et XVIIIe si\u00e8cle<\/em>, Paris, Alin\u00e9a.<br \/>\n<span id=\"CHEROTLCD\" class=\"ancres\"><\/span><br \/>\n<b>CH\u00c9ROT, H., 1900.<\/b> \u00ab\u00a0La conspiration du chevalier de Rohan (1674) d&rsquo;apr\u00e8s de nouveaux m\u00e9moires\u00a0\u00bb, <em>\u00c9tudes. Revue bimensuelle publi\u00e9e par les P\u00e8res de la Compagnie de J\u00e9sus<\/em>, n. 37, p. 472 \u2013 497.<br \/>\n<span id=\"CLEMENTLPS\" class=\"ancres\"><\/span><br \/>\n<b>CLEMENT, Pierre, 1866. <\/b> <em>La police sous Louis XIV<\/em>, Paris, Didier et Co. Disponible <a href=\"http:\/\/www.gallica.bnf.fr\/ark:\/12148\/bpt6k92100k\" target=\"_blank\">ici<\/a>.<br \/>\n<span id=\"COOKMOE\" class=\"ancres\"><\/span><br \/>\n<b>COOK, Harold J., 2007. <\/b> <em>Matters of Exchange. Commerce, Medicine, and Science in the Dutch Golden Age<\/em>, New Haven\/Londres, Yale University Press.<br \/>\n<span id=\"CORNEILLEOEU\" class=\"ancres\"><\/span><br \/>\n<b>CORNEILLE, Thomas, 1980. <\/b> \u00ab\u00a0L&rsquo;Illusion comique\u00a0\u00bb, <em>Oeuvres compl\u00e8tes<\/em>, Biblioth\u00e8que de la Pl\u00e9iade, Paris, Gallimard.<br \/>\n<span id=\"CRAIGPPP\" class=\"ancres\"><\/span><br \/>\n<b>CRAIG, Harline, 1987. <\/b> <em>Pamphlets, Printing, and Political Culture in the Early Dutch Republic<\/em>, Dordrecht\/Boston, M. Nijhoff.<br \/>\n<span id=\"DEBRUYNASP\" class=\"ancres\"><\/span><br \/>\n<b>DE BRUYN KOPS, Henriette, 2007. <\/b> <em>A spirited exchange. The Wine and Brandy Trade between France and the Dutch Republic in its Atlantic Framework, 1600 \u2013 1650<\/em>, Leyde\/Boston, Brill.<br \/>\n<span id=\"DEFOEJDL\" class=\"ancres\"><\/span><br \/>\n<b>DEFOE, Daniel, 1984 [1722]. <\/b> <em>Journal de l&rsquo;ann\u00e9e de la peste<\/em>, F. Ledoux (trad.), Paris, Gallimard.<br \/>\n<span id=\"DEHENAULTOEU\" class=\"ancres\"><\/span><br \/>\n<b>DEHENAULT, Jean, 1922. <\/b> <em>Les \u0152uvres de Jean Deh\u00e9nault<\/em>, Paris, Honor\u00e9 Champion.<br \/>\n<span id=\"DEJONGPR1\" class=\"ancres\"><\/span><br \/>\n<b>DE JONG, Klaas, 2015. <\/b> <em>Pieter Rixtel (1643 \u2013 1673). Een dichter zonder rust<\/em>, Uitgeverij Verloren.<br \/>\n<span id=\"DEKKERHID\" class=\"ancres\"><\/span><br \/>\n<b>DEKKER, R. M., 1999.<\/b> \u00ab\u00a0Sexuality, elites and court life in the late seventeenth century. The diaries of Constantijnn Huygens, Jr.\u00a0\u00bb, <em>Eighteenth-Century Life<\/em>, n. 23, p. 94 \u2013 109.<br \/>\n<span id=\"DEWIQUEFORTAFA\" class=\"ancres\"><\/span><br \/>\n<b>DE WIQUEFORT, A., 1673.<\/b> <em>Advis fidelle aux veritables Hollandois. Touchant ce qui s&rsquo;est pass\u00e9 dans les villages de Bodegrave et Swammerdam, et les cruaut\u00e9s ino\u00fcies, que les Fran\u00e7ois y ont exerc\u00e9es<\/em>, La Haye, Steucker.<br \/>\n<span id=\"DIBONLVE\" class=\"ancres\"><\/span><br \/>\n<b>DIBON, P., 1963.<\/b> <em>Le Voyage en France des \u00e9tudiants N\u00e9erlandais au XVII\u00e8me si\u00e8cle<\/em>, La Haye, Martinus Nijhoff.<br \/>\n<span id=\"DUCAUSEMDT\" class=\"ancres\"><\/span><br \/>\n<b>DU CAUSE DE NAZELLE, Jean Charles, 1899.<\/b> <em>M\u00e9moires du temps de Luis XIV<\/em>, Paris, Plon.<br \/>\n<span id=\"DUMASLTP\" class=\"ancres\"><\/span><br \/>\n<b>DUMAS, Alexandre, 2011.<\/b> <em>La Tulipe Noire<\/em>, Paris, Gallimard.<br \/>\n<span id=\"ECHEVARRIAFYL\" class=\"ancres\"><\/span><br \/>\n<b>ECHEVARR\u00cdA BACIGALUPE, Miguel Angel, 1998. <\/b> <em>Flandes y la monarqu\u00eda hisp\u00e1nica, 1500 \u2013 1713<\/em>, Madrid, S\u00edlex Ediciones.<br \/>\n<span id=\"FRANSENLCF\" class=\"ancres\"><\/span><br \/>\n<b>FRANSEN, Jan, 1925. <\/b> <em>Les Com\u00e9diens fran\u00e7ais en Hollande au XVIIe et au XVIIIe si\u00e8cles<\/em>, Paris, Champion.<br \/>\n<span id=\"GEESINKDKV\" class=\"ancres\"><\/span><br \/>\n<b>GEESINK, M. S., 1990.<\/b> \u00ab\u00a0De keuze van het repertoire bij Amsterdamse schouwburg\u00a0\u00bb, <em>De zeventiende eeuw<\/em>, n. 6, p. 144 \u2013 151.<br \/>\n<span id=\"GRAMONTMDC2\" class=\"ancres\"><\/span><br \/>\n<b>GRAMONT, Armand de, 1744. <\/b> <em>M\u00e9moires du comte de Guiche, concernant les Provinces-Unies des Pays-Bas<\/em>, Utrecht, Van der Aa.<br \/>\n<span id=\"GRAMONTMDC1\" class=\"ancres\"><\/span><br \/>\n<b>GRAMONT, Armand de, 1716. <\/b> <em>M\u00e9moires du comte de Guiche, contenant plusieurs particularitez arriv\u00e9es sous le r\u00e8gne de Louis le Grand<\/em>, La Haye, A. Moetjens.<br \/>\n<span id=\"HALEAGR\" class=\"ancres\"><\/span><br \/>\n<b>HALE, Meredith, \u00e0 para\u00eetre. <\/b> <em>A Glorious Revolution. Romeyn de Hooghe and the Birth of Political Satire<\/em>.<br \/>\n<span id=\"HALETPS\" class=\"ancres\"><\/span><br \/>\n<b>HALE, Meredith, 2016. <\/b> \u00ab\u00a0Hollands hollende koe. The political satirist and moral conviction\u00a0\u00bb, <em>Cambridge and the Study of Netherlandish Art<\/em>, M. Hale (ed.), Turnhout, Brepols, p. 169 \u2013 193.<br \/>\n<span id=\"HANOVREMEL\" class=\"ancres\"><\/span><br \/>\n<b>HANOVRE, Sophie de, 1990. <\/b> <em>M\u00e9moires et lettres de voyage<\/em>, D. Van der Cruysse (ed.), Paris, Fayard.<br \/>\n<span id=\"HARDERPFZ\" class=\"ancres\"><\/span><br \/>\n<b>HARDER, Leland et HARDER, Marvin, 1952.<\/b> <em>Plockhoy from Zurick-Zee. The Study of a Dutch Reformer in Puritan England and Colonial America<\/em>, Newton, Kan., Board of Education and Publication.<br \/>\n<span id=\"HARMSENOID\" class=\"ancres\"><\/span><br \/>\n<b>HARMSEN, A. J. E., 1989.<\/b> <em>Onderwys in de tooneel-po\u00ebzy. De opvattingen over toneel van het Kunstgenootschap \u00ab\u00a0Nil volentibus arduum\u00a0\u00bb<\/em>, Rotterdam, Ordeman.<br \/>\n<span id=\"HARMSENGEM\" class=\"ancres\"><\/span><br \/>\n<b>HARMSEN, A. J. E., 1988.<\/b> \u00ab\u00a0Gebruik en misbruik van de rhetorica door Nil volentibus arduum\u00a0\u00bb, <em>De zeventiende eeuw<\/em>, n. 4, p. 55 \u2013 68.<br \/>\n<span id=\"HARTHCWV\" class=\"ancres\"><\/span><br \/>\n<b>HARTH, Erica L., 1992. <\/b> <em>Cartesian Women. Versions and Subversions of Rational Discourse in the Old Regime<\/em>, Ithaca, Cornwell University Press.<br \/>\n<span id=\"HILLTWT\" class=\"ancres\"><\/span><br \/>\n<b>HILL, Christopher, 1972.<\/b> <em>The World Turned Upside Down. Radical Ideas during the English Revolution<\/em>, New York, Viking Press.<br \/>\n<span id=\"HOOGEWERFFMVD\" class=\"ancres\"><\/span><br \/>\n<b>HOOGEWERFF, Godefridus Johannes, 1941.<\/b> \u00ab\u00a0Martinus van den Ende als schilder en navolger van Rubens\u00a0\u00bb, <em>Bulletin de l\u2019Institut historique belge de Rome<\/em>, n. 21, p. 311 \u2013 315.<br \/>\n<span id=\"HOOGEWERFFDTR\" class=\"ancres\"><\/span><br \/>\n<b>HOOGEWERFF, Godefridus Johannes, 1919. <\/b> <em>De twee reizen van Cosimo de Medici, prins van Toscane door de Nederlanden<\/em>, Amsterdam, J. M\u00fcller.<br \/>\n<span id=\"HORSTPCP\" class=\"ancres\"><\/span><br \/>\n<b>HORST, Irvin B., 1949.<\/b> \u00ab\u00a0Pieter Cornelisz Plockhoy. An apostle of the collegiants\u00a0\u00bb, <em>The mennonite quarterly review<\/em>, n. 23, p. 161 \u2013 185.<br \/>\n<span id=\"HUYDECOPERNVA\" class=\"ancres\"><\/span><br \/>\n<b>HUYDECOPER, Balthazar et DONGELMANS, B. P. M., 1982.<\/b> <em>Nil Volentibus Arduum. Documenten en Bronnen. Een uitgave van Balthazar Huydecopers aantekeningen uit de orginele notulen van het genootschap, voorzien van een inleiding, commentaar en een lijst van N. V. A. drukken door B. P. M.<\/em>, Utrecht, H &#038; S.<br \/>\n<span id=\"ISRAELTDR\" class=\"ancres\"><\/span><br \/>\n<b>ISRAEL, Jonathan Irvine, 1995. <\/b> <em>The Dutch Republic. Its Rise, Greatness, and Fall, 1477 \u2013 1806<\/em>, Oxford, Oxford University Press.<br \/>\n<span id=\"ISRAELTAD\" class=\"ancres\"><\/span><br \/>\n<b>ISRAEL, Jonathan Irvine, 1991. <\/b> <em>The Anglo-Dutch Moment. Essays on the Glorious Revolution and its World Impact<\/em>, Cambridge.<br \/>\n<span id=\"ISRAELTDRA\" class=\"ancres\"><\/span><br \/>\n<b>ISRAEL, Jonathan Irvine, 1982. <\/b> <em>The Dutch Republic and the Hispanic World 1606 \u2013 1661<\/em>, Oxford, Clarendon Press.<br \/>\n<span id=\"JEULINUPDUPD\" class=\"ancres\"><\/span><br \/>\n<b>JEULIN, Paul, 1933. <\/b> <em>Une page de l\u2019histoire du commerce nantais. Aper\u00e7us sur la Contractation de Nantes<\/em>, Rennes, Paris, Oberthur, Biblioth\u00e8que Nationale, 1992.<br \/>\n<span id=\"KOCHHAD\" class=\"ancres\"><\/span><br \/>\n<b>KOCH, Christophe et SCHOELL, Maximilian S. F., 1837.<\/b> <em>Histoire abr\u00e9g\u00e9e des trait\u00e9s de paix entre les puissances de l\u2019Europe depuis la paix de Westphalie<\/em>, Paris, Gide.<br \/>\n<span id=\"LAFAREMER\" class=\"ancres\"><\/span><br \/>\n<b>LA FARE, Marquis de, 1884. <\/b> <em>M\u00e9moires et r\u00e9flexions du Marquis de La Fare<\/em>, Paris, G. Charpentier. Disponible <a href=\"https:\/\/archive.org\/details\/mmoiresetrfl00lafa\" target=\"_blank\">ici<\/a>.<br \/>\n<span id=\"LANFREDINIUAD\" class=\"ancres\"><\/span><br \/>\n<b>LANFREDINI, Dina, 1959.<\/b> <em>Un antagonista di Luigi XIV, Armand de Gramont conte de Guiche. Con documenti inediti tratti dall&rsquo;Archivio di Stato di Firenze, dalla Biblioteca nazionale di Parigi e dall&rsquo;Archivio privato del duca de Gramont<\/em>, Florence, L. S. Olschki.<br \/>\n<span id=\"VARDENSTR\" class=\"ancres\"><\/span><br \/>\n<b>VARDEN, Leasa K., 2002.<\/b> <em>Setting the Record Straight on Pieter Plockhoy. Delaware\u2019s First Mennonite<\/em>, Delaware Mennonite Historical Society.<br \/>\n<span id=\"LISSLMD\" class=\"ancres\"><\/span><br \/>\n<b>LISS, David, 2007.<\/b> <em>Le marchand de caf\u00e9<\/em>, D. Defert (trad.), Paris, 10\/18.<br \/>\n<span id=\"LUDWIGBDH\" class=\"ancres\"><\/span><br \/>\n<b>LUDWIG, Kurf\u00fcrsten Karl, 1885. <\/b> <em>Briefwechsel der Herzogin Sophie von Hannover mit ihrem Bruder, dem Kurf\u00fcrsten Karl Ludwig von der Pfalz und des letzteren mit seiner schw\u00e4ngerin, der pfalzgr\u00e4fin Anna, (1670 \u2013 1671). Herausgegeben von Eduard Bodemann<\/em>, Leipzig, Hirzel.<br \/>\n<span id=\"MACCHIAVAE\" class=\"ancres\"><\/span><br \/>\n<b>MACCHIA, G., 1966.<\/b> <em>Vita avventure e morte di Don Giovanni<\/em>, Bari, Laterza.<br \/>\n<span id=\"MALETTKECEC\" class=\"ancres\"><\/span><br \/>\n<b>MALETTKE, Klaus, 1996.<\/b> \u00ab\u00a0Complots et conspirations contre Louis XIV dans la deuxi\u00e8me moiti\u00e9 du XVIIe si\u00e8cle\u00a0\u00bb, Actes du colloque international organis\u00e9 \u00e0 Rome, 1993, <em>Publications de l&rsquo;\u00c9cole fran\u00e7aise de Rome. Complots et conjurations dans l\u2019Europe moderne<\/em>, vol. 220, n. 1, p. 347 \u2013 371. Disponible <a href=\"http:\/\/www.persee.fr\/doc\/efr_0223-5099_1996_act_220_1_4991\" target=\"_blank\">ici<\/a>.<br \/>\n<span id=\"MARTINADM\" class=\"ancres\"><\/span><br \/>\n<b>MARTIN, Denis-Constant, 2012. <\/b> \u00ab\u00a0Aupr\u00e8s de ma blonde&#8230; Musique et identit\u00e9\u00a0\u00bb, <em>Revue fran\u00e7aise de science politique<\/em>, vol. 62.<br \/>\n<span id=\"MAURYUCR1\" class=\"ancres\"><\/span><br \/>\n<b>MAURY, Alfred, 1886a. <\/b>\u00ab\u00a0Une conspiration r\u00e9publicaine sous Louis XIV. Le complot du chevalier de Rohan et de Latr\u00e9aumont. I. Origine et organisation du complot\u00a0\u00bb.<em>Revue des deux mondes<\/em>, Paris. Disponible <a href=\"http:\/\/fr.wikisource.org\/wiki\/Page:Revue_des_Deux_Mondes_-_1886_-_tome_76.djvu\/966\" target=\"_blank\">ici<\/a>.<br \/>\n<span id=\"MAURYUCR2\" class=\"ancres\"><\/span><br \/>\n<b>MAURY, Alfred, 1886b. <\/b>\u00ab\u00a0Une conspiration r\u00e9publicaine sous Louis XIV. Le complot du chevalier de Rohan et de Latr\u00e9aumont. II. D\u00e9couverte du complot et proc\u00e8s\u00a0\u00bb. <em>Revue des deux mondes<\/em>, Paris.<br \/>\n<span id=\"MCNEILLHHK\" class=\"ancres\"><\/span><br \/>\n<b>MCNEILL HALE, Meredith, 2016. <\/b> \u00ab\u00a0Hollands hollende koe. The Political Satirist and Moral Conviction\u00a0\u00bb, <em>Cambridge and the Study of Netherlandish Art. The Low COuntries and the Fens<\/em>, Turnhout, Brepols.<br \/>\n<span id=\"MECHOULANAXS\" class=\"ancres\"><\/span><br \/>\n<b>MECHOULAN, Henri (dir.), 1993. <\/b> <em>Amsterdam XVII\u00e8me si\u00e8cle. Marchands et philosophes, le b\u00e9n\u00e9fice de la tol\u00e9rance<\/em>, Paris, Autrement.<br \/>\n<span id=\"MECHOULANAAT\" class=\"ancres\"><\/span><br \/>\n<b>MECHOULAN, Henri, 1990. <\/b> <em>Amsterdam au temps de Spinoza. Argent et libert\u00e9<\/em>, Paris, Presses Universitaires de France.<br \/>\n<span id=\"MELLOORG\" class=\"ancres\"><\/span><br \/>\n<b>MELLO, E. Cabral de, 2007.<\/b> <em>Olinda Restaurada. Guerra e a\u00e7\u00facar no Nordeste, 1630 \u2013 1654<\/em>, S\u00e3o Paulo, Editora 34.<br \/>\n<span id=\"MIGNETGEN\" class=\"ancres\"><\/span><br \/>\n<b>MIGNET, Fran\u00e7ois-Auguste, 1841. <\/b> \u00ab\u00a0Guerre et N\u00e9gociations de Hollande en 1672\u00a0\u00bb<em>Revue des Deux Mondes<\/em>, 4\u00e8me s\u00e9rie, tome 28, Paris. Disponible <a href=\"https:\/\/fr.wikisource.org\/wiki\/Guerre_et_N\u00e9gociations_de_Hollande_en_1672\" target=\"_blank\">ici<\/a>.<br \/>\n<span id=\"MILLNERLPH\" class=\"ancres\"><\/span><br \/>\n<b>MILLNER KAHR, Madlyn, 1998. <\/b> <em>La peinture hollandaise du si\u00e8cle d\u2019or<\/em>, Paris, Livre de poche.<br \/>\n<span id=\"MONTBASMDM\" class=\"ancres\"><\/span><br \/>\n<b>MONTBAS, Jean Barton, comte de, 1673. <\/b> <em>Memoires de M. le Comte de Montbas sur les affaires de Hollande<\/em>, Cologne. Disponible <a href=\"https:\/\/books.google.com.br\/books?id=IHlJAAAAcAAJ&#038;pg=PA1&#038;lpg=PA1&#038;dq=vicomte+de+Montbas&#038;source=bl&#038;ots=oJ1uhMlC5m&#038;sig=3L15rqjTQHvt0LyErIl2r0G6N24&#038;hl=en&#038;sa=X&#038;ved=0ahUKEwjfpMf7rNDNAhWGQpAKHUVMAdk4ChDoAQgiMAE#v=onepage&#038;q&#038;f=false\" target=\"_blank\">ici<\/a>.<br \/>\n<span id=\"PALROW\" class=\"ancres\"><\/span><br \/>\n<b>PAL, Carol, 2012. <\/b> <em>Republic of women. Rethinking The Republic Of Letters In The Seventeenth Century<\/em>, Cambridge, Cambridge University Press.<br \/>\n<span id=\"PEPYSTDO\" class=\"ancres\"><\/span><br \/>\n<b>PEPYS, Samuel, 2011. <\/b> <em>The Diary of Samuel Pepys. Complete Edition (Annotated) <\/em>, S. Algieri (ed.), Londres, ebookworms.co.uk.<br \/>\n<span id=\"PLANTENGATMO\" class=\"ancres\"><\/span><br \/>\n<b>PLANTENGA, Bart, 2001.<\/b> \u00ab\u00a0The Mystery of the Plockhoy Settlement in the Valley of Swans\u00a0\u00bb, <em>Mennonite Historical Bulletin<\/em>, vol. 62, n. 2, p. 4 \u2013 13.<br \/>\n<span id=\"POMATAHEA\" class=\"ancres\"><\/span><br \/>\n<b>POMATA, Gianna et SIRAISI, Nancy G. (dir.), 2005. <\/b> <em>Historia. Empiricism and Erudition in Early Modern Europe<\/em>, Cambridge, MIT Press.<br \/>\n<span id=\"POSTHUMUSTTM\" class=\"ancres\"><\/span><br \/>\n<b>POSTHUMUS, Nicolaas Wilhelmus, 1929. <\/b>\u00ab The Tulip Mania in Holland in the Years 1636 and 1637 \u00bb, <em>Journal of Economic and Business History<\/em>, n. 1, p. 435 \u2013 465.<br \/>\n<span id=\"PUJOLDC\" class=\"ancres\"><\/span><br \/>\n<b>PUJO, Bernard, 1995.<\/b> <em>Le Grand Cond\u00e9<\/em>, Paris, A. Michel.<br \/>\n<span id=\"ROBERTSDLA\" class=\"ancres\"><\/span><br \/>\n<b>ROBERTS, B., 2004.<\/b> \u00ab\u00a0Drinking like a man. The paradox of excessive drinking for seenteenth-century Dutch youths\u00a0\u00bb, <em>Journal of Family History<\/em>, n. 29, p. 237 \u2013 252.<br \/>\n<span id=\"ROCHELRD\" class=\"ancres\"><\/span><br \/>\n<b>ROCHE, Daniel, 1988.<\/b> <em>Les R\u00e9publicains des lettres<\/em>, Paris.<br \/>\n<span id=\"ROHANDPD\" class=\"ancres\"><\/span><br \/>\n<b>ROHAN, Henri de, 1646. <\/b> <em>Discours politiques du duc de Rohan, faits en divers temps sur les affaires qui se passoient. Cy-devant non imprimez<\/em>, Amsterdam, Louis Elzevier. Disponible <a href=\"https:\/\/books.google.com.br\/books?id=XnDtt2aT_jgC&#038;printsec=frontcover&#038;hl=pt-BR&#038;source=gbs_ge_summary_r&#038;cad=0#v=onepage&#038;q&#038;f=false\" target=\"_blank\">ici<\/a>.<br \/>\n<span id=\"ROODENBURGTEO\" class=\"ancres\"><\/span><br \/>\n<b>ROODENBURG, Herman, 2004. <\/b> <em>The Eloquence of the Body. Perspectives on Gesture in the Dutch Republic<\/em>, Zwolle, Waanders Uitgevers.<br \/>\n<span id=\"ROWENJDW\" class=\"ancres\"><\/span><br \/>\n<b>ROWEN, Herbert Harvey, 2015 [1986]. <\/b> <em>John De Witt, Grand Pensionary of Holland, 1625 \u2013 1672<\/em>, Princeton, Princeton University Press.<br \/>\n<span id=\"ROWENJOH\" class=\"ancres\"><\/span><br \/>\n<b>ROWEN, Herbert Harvey, 1978. <\/b> <em>John De Witt. Statesman of the \u00ab True Freedom \u00bb<\/em>, Cambridge, Cambridge University Press.<br \/>\n<span id=\"RYCAUTTHO\" class=\"ancres\"><\/span><br \/>\n<b>RYCAUT, Paul, 1680. <\/b> <em>The history of the Turkish empire from the year 1623 to the year 1677 <\/em>, Londres, John Starkey.<br \/>\n<span id=\"SAINTEVREMONTOEU\" class=\"ancres\"><\/span><br \/>\n<b>SAINT-EVREMOND, Charles de 1643 \u2013 1692. <\/b> <em>\u0152uvres m\u00eal\u00e9es<\/em>.<br \/>\n<span id=\"SAUPINNAT\" class=\"ancres\"><\/span><br \/>\n<b>SAUPIN, Guy, 1998. <\/b> <em>Nantes au temps de l\u2019Edit<\/em>, La Cr\u00e8che, Geste Editions.<br \/>\n<span id=\"SCHAMALED\" class=\"ancres\"><\/span><br \/>\n<b>SCHAMA, Simon, 1991. <\/b> <em>L\u2019Embarras de richesses<\/em>, P. E. Dauzat (trad.), Paris, Gallimard.<br \/>\n<span id=\"SECRETANLMP\" class=\"ancres\"><\/span><br \/>\n<b>SECRETAN, Catherine, 2002. <\/b> <em> Le Marchand philosophe de Caspar Barlaeus. Un \u00e9loge du commerce dans la Hollande du Si\u00e8cle d\u2019Or<\/em>, Paris, Honor\u00e9 Champion.<br \/>\n<span id=\"SEGURLET\" class=\"ancres\"><\/span><br \/>\n<b>SEGUR, Pierre de, 1902. <\/b> \u00ab\u00a0Luxembourg et le prince d\u2019Orange\u00a0\u00bb, <em>Revue des Deux Mondes<\/em>, 5e p\u00e9riode, tome 8, Paris. Disponible <a href=\"https:\/\/fr.wikisource.org\/wiki\/Luxembourg_et_le_prince_d\u2019Orange\/02\" target=\"_blank\">ici<\/a>.<br \/>\n<span id=\"SMEDLEYUCA\" class=\"ancres\"><\/span><br \/>\n<b>SMEDLEY-WEILL, A., 1996. <\/b> \u00ab\u00a0Un conspirateur au temps de Louis XIV. Le chevalier de Rohan\u00a0\u00bb, <em>L\u2019Etat classique, 1652 \u2013 1715<\/em>, H. M\u00e9choulan et J. Cornette (ed.), Paris, Vrin.<br \/>\n<span id=\"SMITTEA\" class=\"ancres\"><\/span><br \/>\n<b>SMIT, W. A. P., 1957.<\/b> \u00ab\u00a0The emblematic aspect of Vondel&rsquo;s tragedies as the key to their interpretation\u00a0\u00bb, <em>The modern language review<\/em>, n. 52, p. 554 \u2013 562.<br \/>\n<span id=\"SPRUITFER\" class=\"ancres\"><\/span><br \/>\n<b>SPRUIT, Leen, 1987.<\/b> \u00ab\u00a0Fede e ragione nei poemi didascalici di Joost van den Vondel\u00a0\u00bb, <em>Annali dell&rsquo;Instituto Orientale di Napoli (Studi nederlandesi, Studi nordici)<\/em>, n. 30, p. 89 \u2013 135.<br \/>\n<span id=\"STOUTENHDL\" class=\"ancres\"><\/span><br \/>\n<b>STOUTEN, Hanna, GOEDEGEBUURE, Jaap et VAN OOSTROM, Fritz, 1999. <\/b> <em>Histoire de la litt\u00e9rature n\u00e9erlandaise. Pays-Bas et Flandre<\/em>, Paris, Fayard.<br \/>\n<span id=\"SUELAT\" class=\"ancres\"><\/span><br \/>\n<b>SUE, Eug\u00e8ne, 1979 [1837]. <\/b> <em>Latr\u00e9aumont<\/em>, Paris, Garnier.<br \/>\n<span id=\"THURLOEACO\" class=\"ancres\"><\/span><br \/>\n<b>THURLOE, John, 1742.<\/b> <em>A Collection of the State Papers of John Thurloe&#8230; Papers from the year 1638 to 1653<\/em>, Londres, Thomas Woodward. Disponible <a href=\"https:\/\/archive.org\/details\/collectionofstat02thur\" target=\"_blank\">ici<\/a>.<br \/>\n<span id=\"TODOROVEDL\" class=\"ancres\"><\/span><br \/>\n<b>TODOROV, Tzvetan, 2004. <\/b> <em>Eloge de l&rsquo;individu. Essai sur la peinture flamande<\/em>, Paris, Seuil.<br \/>\n<span id=\"TERENCELEU\" class=\"ancres\"><\/span><br \/>\n<b>TERENCE, P. Grimal 1971.<\/b> <em>\u0152uvres Compl\u00e8tes<\/em>, P. Grimal (ed. et trad.), collection de la Pl\u00e9iade, Paris, Gallimard.<br \/>\n<span id=\"WESTSTEIJNTVW\" class=\"ancres\"><\/span><br \/>\n<b>WESTSTEIJN, Thijs, 2008. <\/b> <em> The visible world. Samuel van Hoogstraten\u2019s Art Theory and the Legitimation of Painting in the Dutch Golden Age <\/em>, Amsterdam University Press.<br \/>\n<span id=\"WORPGVD\" class=\"ancres\"><\/span><br \/>\n<b>WORP, J. A., 1920.<\/b> <em>Geschiedenis van den Amsterdamschen Schouwburg 1496 \u2013 1772<\/em>, Amsterdam, S. L. van Looy.<br \/>\n<span id=\"VANDENVONDELDWV\" class=\"ancres\"><\/span><br \/>\n<b>VAN DEN VONDEL, Joost, 1927 \u2013 1937.<\/b> <em>De werken van Vondel<\/em>, vols. I \u2013 X, J. F. M. Sterck, H. W. E. Moller, C. R. de Klerk, B. H. Molkenboer, J. Prinsen J. Lzn. en L. Simons (eds.), Disponible <a href=\"http:\/\/www.dbnl.org\/tekst\/vond001dewe00_01\/\" target=\"_blank\">ici.<\/a>.<br \/>\n<span id=\"VANDENVONDELPOV\" class=\"ancres\"><\/span><br \/>\n<b>VAN DEN VONDEL, Joost, 1682.<\/b> <em>Po\u00ebzy of verscheide Gedichten<\/em>, Fraeneker, Leonard Strik. Disponible <a href=\"https:\/\/books.google.be\/books?id=5AMUAAAAQAAJ&#038;printsec=frontcover&#038;source=gbs_ge_summary_r&#038;cad=0#v=onepage&#038;q&#038;f=false\" target=\"_blank\">ici<\/a>.<br \/>\n<span id=\"VANNIEROPLLX\" class=\"ancres\"><\/span><br \/>\n<b>VAN NIEROP, Henk F. K., 2015. <\/b>\u00ab Lampooning Louis XIV. Romeyn de Hogghe and the Harlequin Prints, 1688 \u2013 1689 \u00bb, <em>Louis XIV Outside In. Images of the Sun King Beyond France, 1661 \u2013 1715<\/em>, C.-E Levillain et T. Claydon (eds.), New York, Routledge.<br \/>\n<span id=\"VANNIEROPRDH\" class=\"ancres\"><\/span><br \/>\n<b>VAN NIEROP, Henk F. K., 2008. <\/b> <em>Romeyn de Hooghe. De verbeelding van de late Gouden Eeuw<\/em>, Amsterdam, Uitgeverij.<br \/>\n<span id=\"VINCENTUHD\" class=\"ancres\"><\/span><br \/>\n<b>VINCENT-BUFFAULT, Anne, 2010. <\/b> <em>Une histoire de l\u2019amiti\u00e9<\/em>, Montrouge, Bayard Jeunesse.<br \/>\n<span id=\"ZUMTHORLVQ\" class=\"ancres\"><\/span><br \/>\n<b>ZUMTHOR, Paul, 1959. <\/b> <em>La vie quotidienne en Hollande au temps de Rembrandt<\/em>, Paris, Hachette.<\/p>\n","protected":false},"excerpt":{"rendered":"<p>ANONYME, 1674. \u00ab\u00a0Particularit\u00e9s de la conspiration et la mort du chevalier de Rohan, de la marquise de Villars, de Van den Ende, etc., tir\u00e9es d\u2019un manuscrit de l\u2019abbaye royale de [&hellip;]<\/p>\n","protected":false},"author":1,"featured_media":0,"comment_status":"open","ping_status":"open","sticky":false,"template":"","format":"chat","meta":{"footnotes":""},"categories":[18],"tags":[],"class_list":["post-388","post","type-post","status-publish","format-chat","hentry","category-vivre-au-18","post_format-post-format-chat"],"yoast_head":"<!-- This site is optimized with the Yoast SEO plugin v25.1 - https:\/\/yoast.com\/wordpress\/plugins\/seo\/ -->\n<title>Le Clan Spinoza - Maxime Rovere - Vivre au XVIIe s<\/title>\n<meta name=\"description\" content=\"Ces notes sont destin\u00e9es \u00e0 indiquer les sources d\u2019o\u00f9 sont tir\u00e9es les informations et les interpr\u00e9tations du livre Clan Spinoza de Maxime Rovere\" \/>\n<meta name=\"robots\" content=\"index, follow, max-snippet:-1, max-image-preview:large, max-video-preview:-1\" \/>\n<link rel=\"canonical\" href=\"https:\/\/leclanspinoza.fr\/social\/vivre-au-xviie-siecle\/\" \/>\n<meta property=\"og:locale\" content=\"fr_FR\" \/>\n<meta property=\"og:type\" content=\"article\" \/>\n<meta property=\"og:title\" content=\"Le Clan Spinoza - Maxime Rovere - Vivre au XVIIe s\" \/>\n<meta property=\"og:description\" content=\"Ces notes sont destin\u00e9es \u00e0 indiquer les sources d\u2019o\u00f9 sont tir\u00e9es les informations et les interpr\u00e9tations du livre Clan Spinoza de Maxime Rovere\" \/>\n<meta property=\"og:url\" content=\"https:\/\/leclanspinoza.fr\/social\/vivre-au-xviie-siecle\/\" \/>\n<meta property=\"og:site_name\" content=\"Le Clan Spinoza | Maxime Rovere\" \/>\n<meta property=\"article:published_time\" content=\"2017-07-03T08:35:07+00:00\" \/>\n<meta property=\"article:modified_time\" content=\"2020-02-10T09:58:49+00:00\" \/>\n<meta name=\"author\" content=\"admin\" \/>\n<meta name=\"twitter:card\" content=\"summary_large_image\" \/>\n<meta name=\"twitter:label1\" content=\"\u00c9crit par\" \/>\n\t<meta name=\"twitter:data1\" content=\"admin\" \/>\n\t<meta name=\"twitter:label2\" content=\"Dur\u00e9e de lecture estim\u00e9e\" \/>\n\t<meta name=\"twitter:data2\" content=\"9 minutes\" \/>\n<script type=\"application\/ld+json\" class=\"yoast-schema-graph\">{\"@context\":\"https:\/\/schema.org\",\"@graph\":[{\"@type\":\"Article\",\"@id\":\"https:\/\/leclanspinoza.fr\/social\/vivre-au-xviie-siecle\/#article\",\"isPartOf\":{\"@id\":\"https:\/\/leclanspinoza.fr\/social\/vivre-au-xviie-siecle\/\"},\"author\":{\"name\":\"admin\",\"@id\":\"https:\/\/leclanspinoza.fr\/social\/#\/schema\/person\/7d0ba1221428d09be393d8958e29bae9\"},\"headline\":\"Vivre au XVIIe si\u00e8cle\",\"datePublished\":\"2017-07-03T08:35:07+00:00\",\"dateModified\":\"2020-02-10T09:58:49+00:00\",\"mainEntityOfPage\":{\"@id\":\"https:\/\/leclanspinoza.fr\/social\/vivre-au-xviie-siecle\/\"},\"wordCount\":1911,\"commentCount\":0,\"publisher\":{\"@id\":\"https:\/\/leclanspinoza.fr\/social\/#\/schema\/person\/3fdda1c074eb77c2ae0d6ed29fb3ce5e\"},\"articleSection\":[\"Vivre au 18 siecle\"],\"inLanguage\":\"fr-FR\",\"potentialAction\":[{\"@type\":\"CommentAction\",\"name\":\"Comment\",\"target\":[\"https:\/\/leclanspinoza.fr\/social\/vivre-au-xviie-siecle\/#respond\"]}]},{\"@type\":\"WebPage\",\"@id\":\"https:\/\/leclanspinoza.fr\/social\/vivre-au-xviie-siecle\/\",\"url\":\"https:\/\/leclanspinoza.fr\/social\/vivre-au-xviie-siecle\/\",\"name\":\"Le Clan Spinoza - Maxime Rovere - Vivre au XVIIe s\",\"isPartOf\":{\"@id\":\"https:\/\/leclanspinoza.fr\/social\/#website\"},\"datePublished\":\"2017-07-03T08:35:07+00:00\",\"dateModified\":\"2020-02-10T09:58:49+00:00\",\"description\":\"Ces notes sont destin\u00e9es \u00e0 indiquer les sources d\u2019o\u00f9 sont tir\u00e9es les informations et les interpr\u00e9tations du livre Clan Spinoza de Maxime Rovere\",\"breadcrumb\":{\"@id\":\"https:\/\/leclanspinoza.fr\/social\/vivre-au-xviie-siecle\/#breadcrumb\"},\"inLanguage\":\"fr-FR\",\"potentialAction\":[{\"@type\":\"ReadAction\",\"target\":[\"https:\/\/leclanspinoza.fr\/social\/vivre-au-xviie-siecle\/\"]}]},{\"@type\":\"BreadcrumbList\",\"@id\":\"https:\/\/leclanspinoza.fr\/social\/vivre-au-xviie-siecle\/#breadcrumb\",\"itemListElement\":[{\"@type\":\"ListItem\",\"position\":1,\"name\":\"Accueil\",\"item\":\"https:\/\/leclanspinoza.fr\/social\/\"},{\"@type\":\"ListItem\",\"position\":2,\"name\":\"Vivre au XVIIe si\u00e8cle\"}]},{\"@type\":\"WebSite\",\"@id\":\"https:\/\/leclanspinoza.fr\/social\/#website\",\"url\":\"https:\/\/leclanspinoza.fr\/social\/\",\"name\":\"Le Clan Spinoza | Maxime Rovere\",\"description\":\"Le Clan Spinoza. Amsterdam 1677. L&#039;invention de la libert\u00e9. Un roman \/ une recherche de Maxime Rovere, \u00c9dition Flammarion 2017.\",\"publisher\":{\"@id\":\"https:\/\/leclanspinoza.fr\/social\/#\/schema\/person\/3fdda1c074eb77c2ae0d6ed29fb3ce5e\"},\"potentialAction\":[{\"@type\":\"SearchAction\",\"target\":{\"@type\":\"EntryPoint\",\"urlTemplate\":\"https:\/\/leclanspinoza.fr\/social\/?s={search_term_string}\"},\"query-input\":{\"@type\":\"PropertyValueSpecification\",\"valueRequired\":true,\"valueName\":\"search_term_string\"}}],\"inLanguage\":\"fr-FR\"},{\"@type\":[\"Person\",\"Organization\"],\"@id\":\"https:\/\/leclanspinoza.fr\/social\/#\/schema\/person\/3fdda1c074eb77c2ae0d6ed29fb3ce5e\",\"name\":\"Maxime Rovere\",\"image\":{\"@type\":\"ImageObject\",\"inLanguage\":\"fr-FR\",\"@id\":\"https:\/\/leclanspinoza.fr\/social\/#\/schema\/person\/image\/\",\"url\":\"https:\/\/leclanspinoza.fr\/social\/wp-content\/uploads\/2024\/06\/logoCS-1.jpg\",\"contentUrl\":\"https:\/\/leclanspinoza.fr\/social\/wp-content\/uploads\/2024\/06\/logoCS-1.jpg\",\"width\":847,\"height\":564,\"caption\":\"Maxime Rovere\"},\"logo\":{\"@id\":\"https:\/\/leclanspinoza.fr\/social\/#\/schema\/person\/image\/\"}},{\"@type\":\"Person\",\"@id\":\"https:\/\/leclanspinoza.fr\/social\/#\/schema\/person\/7d0ba1221428d09be393d8958e29bae9\",\"name\":\"admin\",\"image\":{\"@type\":\"ImageObject\",\"inLanguage\":\"fr-FR\",\"@id\":\"https:\/\/leclanspinoza.fr\/social\/#\/schema\/person\/image\/\",\"url\":\"https:\/\/secure.gravatar.com\/avatar\/42ae4c8f2cb9595842580d6a5eba6566431e0936c4d08075ec8915f6346df0e5?s=96&d=mm&r=g\",\"contentUrl\":\"https:\/\/secure.gravatar.com\/avatar\/42ae4c8f2cb9595842580d6a5eba6566431e0936c4d08075ec8915f6346df0e5?s=96&d=mm&r=g\",\"caption\":\"admin\"}}]}<\/script>\n<!-- \/ Yoast SEO plugin. -->","yoast_head_json":{"title":"Le Clan Spinoza - Maxime Rovere - Vivre au XVIIe s","description":"Ces notes sont destin\u00e9es \u00e0 indiquer les sources d\u2019o\u00f9 sont tir\u00e9es les informations et les interpr\u00e9tations du livre Clan Spinoza de Maxime Rovere","robots":{"index":"index","follow":"follow","max-snippet":"max-snippet:-1","max-image-preview":"max-image-preview:large","max-video-preview":"max-video-preview:-1"},"canonical":"https:\/\/leclanspinoza.fr\/social\/vivre-au-xviie-siecle\/","og_locale":"fr_FR","og_type":"article","og_title":"Le Clan Spinoza - Maxime Rovere - Vivre au XVIIe s","og_description":"Ces notes sont destin\u00e9es \u00e0 indiquer les sources d\u2019o\u00f9 sont tir\u00e9es les informations et les interpr\u00e9tations du livre Clan Spinoza de Maxime Rovere","og_url":"https:\/\/leclanspinoza.fr\/social\/vivre-au-xviie-siecle\/","og_site_name":"Le Clan Spinoza | Maxime Rovere","article_published_time":"2017-07-03T08:35:07+00:00","article_modified_time":"2020-02-10T09:58:49+00:00","author":"admin","twitter_card":"summary_large_image","twitter_misc":{"\u00c9crit par":"admin","Dur\u00e9e de lecture estim\u00e9e":"9 minutes"},"schema":{"@context":"https:\/\/schema.org","@graph":[{"@type":"Article","@id":"https:\/\/leclanspinoza.fr\/social\/vivre-au-xviie-siecle\/#article","isPartOf":{"@id":"https:\/\/leclanspinoza.fr\/social\/vivre-au-xviie-siecle\/"},"author":{"name":"admin","@id":"https:\/\/leclanspinoza.fr\/social\/#\/schema\/person\/7d0ba1221428d09be393d8958e29bae9"},"headline":"Vivre au XVIIe si\u00e8cle","datePublished":"2017-07-03T08:35:07+00:00","dateModified":"2020-02-10T09:58:49+00:00","mainEntityOfPage":{"@id":"https:\/\/leclanspinoza.fr\/social\/vivre-au-xviie-siecle\/"},"wordCount":1911,"commentCount":0,"publisher":{"@id":"https:\/\/leclanspinoza.fr\/social\/#\/schema\/person\/3fdda1c074eb77c2ae0d6ed29fb3ce5e"},"articleSection":["Vivre au 18 siecle"],"inLanguage":"fr-FR","potentialAction":[{"@type":"CommentAction","name":"Comment","target":["https:\/\/leclanspinoza.fr\/social\/vivre-au-xviie-siecle\/#respond"]}]},{"@type":"WebPage","@id":"https:\/\/leclanspinoza.fr\/social\/vivre-au-xviie-siecle\/","url":"https:\/\/leclanspinoza.fr\/social\/vivre-au-xviie-siecle\/","name":"Le Clan Spinoza - Maxime Rovere - Vivre au XVIIe s","isPartOf":{"@id":"https:\/\/leclanspinoza.fr\/social\/#website"},"datePublished":"2017-07-03T08:35:07+00:00","dateModified":"2020-02-10T09:58:49+00:00","description":"Ces notes sont destin\u00e9es \u00e0 indiquer les sources d\u2019o\u00f9 sont tir\u00e9es les informations et les interpr\u00e9tations du livre Clan Spinoza de Maxime Rovere","breadcrumb":{"@id":"https:\/\/leclanspinoza.fr\/social\/vivre-au-xviie-siecle\/#breadcrumb"},"inLanguage":"fr-FR","potentialAction":[{"@type":"ReadAction","target":["https:\/\/leclanspinoza.fr\/social\/vivre-au-xviie-siecle\/"]}]},{"@type":"BreadcrumbList","@id":"https:\/\/leclanspinoza.fr\/social\/vivre-au-xviie-siecle\/#breadcrumb","itemListElement":[{"@type":"ListItem","position":1,"name":"Accueil","item":"https:\/\/leclanspinoza.fr\/social\/"},{"@type":"ListItem","position":2,"name":"Vivre au XVIIe si\u00e8cle"}]},{"@type":"WebSite","@id":"https:\/\/leclanspinoza.fr\/social\/#website","url":"https:\/\/leclanspinoza.fr\/social\/","name":"Le Clan Spinoza | Maxime Rovere","description":"Le Clan Spinoza. Amsterdam 1677. L&#039;invention de la libert\u00e9. Un roman \/ une recherche de Maxime Rovere, \u00c9dition Flammarion 2017.","publisher":{"@id":"https:\/\/leclanspinoza.fr\/social\/#\/schema\/person\/3fdda1c074eb77c2ae0d6ed29fb3ce5e"},"potentialAction":[{"@type":"SearchAction","target":{"@type":"EntryPoint","urlTemplate":"https:\/\/leclanspinoza.fr\/social\/?s={search_term_string}"},"query-input":{"@type":"PropertyValueSpecification","valueRequired":true,"valueName":"search_term_string"}}],"inLanguage":"fr-FR"},{"@type":["Person","Organization"],"@id":"https:\/\/leclanspinoza.fr\/social\/#\/schema\/person\/3fdda1c074eb77c2ae0d6ed29fb3ce5e","name":"Maxime Rovere","image":{"@type":"ImageObject","inLanguage":"fr-FR","@id":"https:\/\/leclanspinoza.fr\/social\/#\/schema\/person\/image\/","url":"https:\/\/leclanspinoza.fr\/social\/wp-content\/uploads\/2024\/06\/logoCS-1.jpg","contentUrl":"https:\/\/leclanspinoza.fr\/social\/wp-content\/uploads\/2024\/06\/logoCS-1.jpg","width":847,"height":564,"caption":"Maxime Rovere"},"logo":{"@id":"https:\/\/leclanspinoza.fr\/social\/#\/schema\/person\/image\/"}},{"@type":"Person","@id":"https:\/\/leclanspinoza.fr\/social\/#\/schema\/person\/7d0ba1221428d09be393d8958e29bae9","name":"admin","image":{"@type":"ImageObject","inLanguage":"fr-FR","@id":"https:\/\/leclanspinoza.fr\/social\/#\/schema\/person\/image\/","url":"https:\/\/secure.gravatar.com\/avatar\/42ae4c8f2cb9595842580d6a5eba6566431e0936c4d08075ec8915f6346df0e5?s=96&d=mm&r=g","contentUrl":"https:\/\/secure.gravatar.com\/avatar\/42ae4c8f2cb9595842580d6a5eba6566431e0936c4d08075ec8915f6346df0e5?s=96&d=mm&r=g","caption":"admin"}}]}},"_links":{"self":[{"href":"https:\/\/leclanspinoza.fr\/social\/wp-json\/wp\/v2\/posts\/388","targetHints":{"allow":["GET"]}}],"collection":[{"href":"https:\/\/leclanspinoza.fr\/social\/wp-json\/wp\/v2\/posts"}],"about":[{"href":"https:\/\/leclanspinoza.fr\/social\/wp-json\/wp\/v2\/types\/post"}],"author":[{"embeddable":true,"href":"https:\/\/leclanspinoza.fr\/social\/wp-json\/wp\/v2\/users\/1"}],"replies":[{"embeddable":true,"href":"https:\/\/leclanspinoza.fr\/social\/wp-json\/wp\/v2\/comments?post=388"}],"version-history":[{"count":14,"href":"https:\/\/leclanspinoza.fr\/social\/wp-json\/wp\/v2\/posts\/388\/revisions"}],"predecessor-version":[{"id":727,"href":"https:\/\/leclanspinoza.fr\/social\/wp-json\/wp\/v2\/posts\/388\/revisions\/727"}],"wp:attachment":[{"href":"https:\/\/leclanspinoza.fr\/social\/wp-json\/wp\/v2\/media?parent=388"}],"wp:term":[{"taxonomy":"category","embeddable":true,"href":"https:\/\/leclanspinoza.fr\/social\/wp-json\/wp\/v2\/categories?post=388"},{"taxonomy":"post_tag","embeddable":true,"href":"https:\/\/leclanspinoza.fr\/social\/wp-json\/wp\/v2\/tags?post=388"}],"curies":[{"name":"wp","href":"https:\/\/api.w.org\/{rel}","templated":true}]}}